{"id":1897,"date":"2025-03-31T21:11:42","date_gmt":"2025-03-31T21:11:42","guid":{"rendered":"https:\/\/mundodocarnaval.com.br\/?p=1897"},"modified":"2025-04-04T17:02:31","modified_gmt":"2025-04-04T20:02:31","slug":"carnaval-2005-bola-preta","status":"publish","type":"post","link":"https:\/\/mundodocarnaval.com.br\/pt_br\/carnaval-2005-bola-preta\/","title":{"rendered":"Carnaval 2005 Bola Preta"},"content":{"rendered":"\n<p>Bloco Bola Preta na rua Primeiro de Mar\u00e7o, no seu cent\u00e9simo sexto anivers\u00e1rio<\/p>\n\n\n\n<div class=\"mzb-section mzb-section-f98d5c6d\"><span class=\"mzb-top-separator\"><svg width=\"24\" height=\"24\" xmlns=\"http:\/\/www.w3.org\/2000\/svg\" preserveAspectRatio=\"none\" viewBox=\"0 0 1600 200\" type=\"frontendIcon\" aria-hidden=\"true\" class=\"mzb-icon\">\n  <path d=\"M1600 0H0v77.455S452.906 200.307 825.888 200C1198.87 199.726 1600 74.336 1600 74.336V0Z\"><\/path>\n<\/svg><\/span><div class=\"mzb-container\"><div class=\"mzb-section-inner\"><\/div><span class=\"mzb-bottom-separator\"><svg width=\"24\" height=\"24\" xmlns=\"http:\/\/www.w3.org\/2000\/svg\" preserveAspectRatio=\"none\" viewBox=\"0 0 1600 200\" type=\"frontendIcon\" class=\"mzb-icon\" aria-hidden=\"true\">\n  <path d=\"M1600 200H0v-77.455S452.906-.307 825.888.001C1198.87.274 1600 125.664 1600 125.664V200Z\"><\/path>\n<\/svg><\/span><\/div><\/div>\n\n\n\n<figure class=\"wp-block-video\"><\/figure>\n\n\n\n<figure class=\"wp-block-video\"><video height=\"1080\" style=\"aspect-ratio: 1920 \/ 1080;\" width=\"1920\" src=\"https:\/\/mundodocarnaval.com.br\/wp-content\/uploads\/2025\/03\/MUNDO-DO-CARNAVAL-Boleta-Preta-na-Primeiro-de-Marco-Carnaval-202506.mp4\"><\/video><\/figure>\n","protected":false},"excerpt":{"rendered":"<p>Bloco Bola Preta na rua Primeiro de Mar\u00e7o, no seu cent\u00e9simo sexto anivers\u00e1rio<\/p>\n","protected":false},"author":1,"featured_media":0,"comment_status":"open","ping_status":"open","sticky":false,"template":"","format":"standard","meta":{"footnotes":""},"categories":[1],"tags":[151,155,153,154,159,152],"class_list":["post-1897","post","type-post","status-publish","format-standard","hentry","category-videos-em-destaques","tag-carnaval","tag-intendente-magalhaes","tag-mundo-do-carnaval","tag-rio-de-janeiro","tag-samba","tag-sapucai"],"_links":{"self":[{"href":"https:\/\/mundodocarnaval.com.br\/pt_br\/wp-json\/wp\/v2\/posts\/1897","targetHints":{"allow":["GET"]}}],"collection":[{"href":"https:\/\/mundodocarnaval.com.br\/pt_br\/wp-json\/wp\/v2\/posts"}],"about":[{"href":"https:\/\/mundodocarnaval.com.br\/pt_br\/wp-json\/wp\/v2\/types\/post"}],"author":[{"embeddable":true,"href":"https:\/\/mundodocarnaval.com.br\/pt_br\/wp-json\/wp\/v2\/users\/1"}],"replies":[{"embeddable":true,"href":"https:\/\/mundodocarnaval.com.br\/pt_br\/wp-json\/wp\/v2\/comments?post=1897"}],"version-history":[{"count":3,"href":"https:\/\/mundodocarnaval.com.br\/pt_br\/wp-json\/wp\/v2\/posts\/1897\/revisions"}],"predecessor-version":[{"id":2071,"href":"https:\/\/mundodocarnaval.com.br\/pt_br\/wp-json\/wp\/v2\/posts\/1897\/revisions\/2071"}],"wp:attachment":[{"href":"https:\/\/mundodocarnaval.com.br\/pt_br\/wp-json\/wp\/v2\/media?parent=1897"}],"wp:term":[{"taxonomy":"category","embeddable":true,"href":"https:\/\/mundodocarnaval.com.br\/pt_br\/wp-json\/wp\/v2\/categories?post=1897"},{"taxonomy":"post_tag","embeddable":true,"href":"https:\/\/mundodocarnaval.com.br\/pt_br\/wp-json\/wp\/v2\/tags?post=1897"}],"curies":[{"name":"wp","href":"https:\/\/api.w.org\/{rel}","templated":true}]}}