{"id":1917,"date":"2025-04-01T14:35:45","date_gmt":"2025-04-01T14:35:45","guid":{"rendered":"https:\/\/mundodocarnaval.com.br\/?p=1917"},"modified":"2025-04-01T14:36:34","modified_gmt":"2025-04-01T14:36:34","slug":"andressa-marinho-segue-como-rainha-de-bateria-da-unidos-de-padre-miguel-para-o-carnaval-2025","status":"publish","type":"post","link":"https:\/\/mundodocarnaval.com.br\/pt_br\/andressa-marinho-segue-como-rainha-de-bateria-da-unidos-de-padre-miguel-para-o-carnaval-2025\/","title":{"rendered":"Andressa Marinho segue como rainha de bateria da Unidos de Padre Miguel para o Carnaval 2025"},"content":{"rendered":"\n<h3 class=\"wp-block-heading\"><strong>Andressa Marinho segue como rainha de bateria da Unidos de Padre Miguel para o Carnaval 2025<\/strong><\/h3>\n\n\n\n<h3 class=\"wp-block-heading\">Ap\u00f3s uma estreia arrebatadora no Carnaval 2025, Andressa Marinho continuar\u00e1 \u00e0 frente da Bateria Guerreiros da Unidos de Padre Miguel no pr\u00f3ximo&nbsp;Carnaval.&nbsp;<\/h3>\n\n\n\n<h3 class=\"wp-block-heading\">A escola confirmou a perman\u00eancia da rainha, que encantou a comunidade e o p\u00fablico da Marqu\u00eas de Sapuca\u00ed com sua energia, eleg\u00e2ncia e paix\u00e3o pelo samba.&nbsp;&nbsp;<\/h3>\n\n\n\n<p>Foto: Diego Mendes<\/p>\n","protected":false},"excerpt":{"rendered":"<p>Andressa Marinho segue como rainha de bateria da Unidos de Padre Miguel para o Carnaval 2025 Ap\u00f3s uma estreia arrebatadora no Carnaval 2025, Andressa Marinho continuar\u00e1 \u00e0 frente da Bateria Guerreiros da Unidos de Padre Miguel no pr\u00f3ximo&nbsp;Carnaval.&nbsp; A escola confirmou a perman\u00eancia da rainha, que encantou a comunidade e o p\u00fablico da Marqu\u00eas de [&hellip;]<\/p>\n","protected":false},"author":1,"featured_media":1914,"comment_status":"open","ping_status":"open","sticky":false,"template":"","format":"standard","meta":{"footnotes":""},"categories":[13],"tags":[151,155,153,154,159,152],"class_list":["post-1917","post","type-post","status-publish","format-standard","has-post-thumbnail","hentry","category-fashion","tag-carnaval","tag-intendente-magalhaes","tag-mundo-do-carnaval","tag-rio-de-janeiro","tag-samba","tag-sapucai"],"_links":{"self":[{"href":"https:\/\/mundodocarnaval.com.br\/pt_br\/wp-json\/wp\/v2\/posts\/1917","targetHints":{"allow":["GET"]}}],"collection":[{"href":"https:\/\/mundodocarnaval.com.br\/pt_br\/wp-json\/wp\/v2\/posts"}],"about":[{"href":"https:\/\/mundodocarnaval.com.br\/pt_br\/wp-json\/wp\/v2\/types\/post"}],"author":[{"embeddable":true,"href":"https:\/\/mundodocarnaval.com.br\/pt_br\/wp-json\/wp\/v2\/users\/1"}],"replies":[{"embeddable":true,"href":"https:\/\/mundodocarnaval.com.br\/pt_br\/wp-json\/wp\/v2\/comments?post=1917"}],"version-history":[{"count":1,"href":"https:\/\/mundodocarnaval.com.br\/pt_br\/wp-json\/wp\/v2\/posts\/1917\/revisions"}],"predecessor-version":[{"id":1918,"href":"https:\/\/mundodocarnaval.com.br\/pt_br\/wp-json\/wp\/v2\/posts\/1917\/revisions\/1918"}],"wp:featuredmedia":[{"embeddable":true,"href":"https:\/\/mundodocarnaval.com.br\/pt_br\/wp-json\/wp\/v2\/media\/1914"}],"wp:attachment":[{"href":"https:\/\/mundodocarnaval.com.br\/pt_br\/wp-json\/wp\/v2\/media?parent=1917"}],"wp:term":[{"taxonomy":"category","embeddable":true,"href":"https:\/\/mundodocarnaval.com.br\/pt_br\/wp-json\/wp\/v2\/categories?post=1917"},{"taxonomy":"post_tag","embeddable":true,"href":"https:\/\/mundodocarnaval.com.br\/pt_br\/wp-json\/wp\/v2\/tags?post=1917"}],"curies":[{"name":"wp","href":"https:\/\/api.w.org\/{rel}","templated":true}]}}