{"id":1937,"date":"2025-04-01T15:13:00","date_gmt":"2025-04-01T15:13:00","guid":{"rendered":"https:\/\/mundodocarnaval.com.br\/?p=1937"},"modified":"2025-04-01T15:19:33","modified_gmt":"2025-04-01T15:19:33","slug":"academicos-de-niteroi-confirma-tiago-martins-como-carnavalesco-para-2026","status":"publish","type":"post","link":"https:\/\/mundodocarnaval.com.br\/pt_br\/academicos-de-niteroi-confirma-tiago-martins-como-carnavalesco-para-2026\/","title":{"rendered":"Acad\u00eamicos de Niter\u00f3i confirma Tiago Martins como carnavalesco para 2026"},"content":{"rendered":"\n<p><strong>Acad\u00eamicos de Niter\u00f3i confirma Tiago Martins como carnavalesco para 2026<br><\/strong><\/p>\n\n\n\n<p>Campe\u00e3o com a escola, Tiago Martins \u00e9 o primeiro nome confirmado na equipe do carnaval de 2026 da Acad\u00eamicos de Niter\u00f3i. Estreando no grupo especial, a azul e branca da cidade sorriso renovou com o carnavalesco, que ir\u00e1 ao seu terceiro ano assinando o desfile da agremia\u00e7\u00e3o na Marqu\u00eas de Sapuca\u00ed.<br><\/p>\n\n\n\n<p>Em seu curr\u00edculo, Tiago coleciona dois pr\u00eamios consecutivos de \u201cMelhor Aderecista\u201d (Pr\u00eamio Plumas e Paet\u00eas), um pr\u00eamio de Destaque Perform\u00e1tico (Pr\u00eamio Plumas e Paet\u00eas) e dois pr\u00eamios de Revela\u00e7\u00e3o do Carnaval 2022, como carnavalesco do GRES S\u00e3o Clemente (Pr\u00eamio Plumas e Paet\u00eas e Pr\u00eamio Feras da Sapuca\u00ed).<br><br>&#8211; Estou extremamente feliz com a renova\u00e7\u00e3o e poder dar sequ\u00eancia ao meu trabalho na agremia\u00e7\u00e3o. J\u00e1 foi indescrit\u00edvel ser campe\u00e3o e agora daremos continuidade a um grande trabalho. S\u00f3 tenho a agradecer ao Presidente Wallace Palhares e toda sua diretoria pela confian\u00e7a \u2013 revela Tiago.<br><\/p>\n\n\n\n<p>Com o enredo \u201cVixe Maria\u201d, a Acad\u00eamicos de Niter\u00f3i foi a campe\u00e3 da S\u00e9rie Ouro em 2025 e far\u00e1 a sua estreia no grupo especial do carnaval carioca em 2026.<\/p>\n\n\n\n<div class=\"mzb-section mzb-section-14ee36a4\"><span class=\"mzb-top-separator\"><svg width=\"24\" height=\"24\" xmlns=\"http:\/\/www.w3.org\/2000\/svg\" preserveAspectRatio=\"none\" viewBox=\"0 0 1600 200\" type=\"frontendIcon\" aria-hidden=\"true\" class=\"mzb-icon\">\n  <path d=\"M1600 0H0v77.455S452.906 200.307 825.888 200C1198.87 199.726 1600 74.336 1600 74.336V0Z\"><\/path>\n<\/svg><\/span><div class=\"mzb-container\"><div class=\"mzb-section-inner\"><\/div><span class=\"mzb-bottom-separator\"><svg width=\"24\" height=\"24\" xmlns=\"http:\/\/www.w3.org\/2000\/svg\" preserveAspectRatio=\"none\" viewBox=\"0 0 1600 200\" type=\"frontendIcon\" class=\"mzb-icon\" aria-hidden=\"true\">\n  <path d=\"M1600 200H0v-77.455S452.906-.307 825.888.001C1198.87.274 1600 125.664 1600 125.664V200Z\"><\/path>\n<\/svg><\/span><\/div><\/div>\n\n\n\n<figure class=\"wp-block-gallery has-nested-images columns-default is-cropped wp-block-gallery-1 is-layout-flex wp-block-gallery-is-layout-flex\">\n<figure class=\"wp-block-image size-large\"><img fetchpriority=\"high\" decoding=\"async\" width=\"470\" height=\"500\" data-id=\"1939\" src=\"https:\/\/mundodocarnaval.com.br\/wp-content\/uploads\/2025\/04\/Foto-Gabriel-Belmiro-2.jpg\" alt=\"\" class=\"wp-image-1939\" srcset=\"https:\/\/mundodocarnaval.com.br\/wp-content\/uploads\/2025\/04\/Foto-Gabriel-Belmiro-2.jpg 470w, https:\/\/mundodocarnaval.com.br\/wp-content\/uploads\/2025\/04\/Foto-Gabriel-Belmiro-2-282x300.jpg 282w, https:\/\/mundodocarnaval.com.br\/wp-content\/uploads\/2025\/04\/Foto-Gabriel-Belmiro-2-11x12.jpg 11w\" sizes=\"(max-width: 470px) 100vw, 470px\" \/><\/figure>\n\n\n\n<figure class=\"wp-block-image size-large\"><img decoding=\"async\" width=\"500\" height=\"370\" data-id=\"1940\" src=\"https:\/\/mundodocarnaval.com.br\/wp-content\/uploads\/2025\/04\/Foto-S1-Fotografia.jpg\" alt=\"\" class=\"wp-image-1940\" srcset=\"https:\/\/mundodocarnaval.com.br\/wp-content\/uploads\/2025\/04\/Foto-S1-Fotografia.jpg 500w, https:\/\/mundodocarnaval.com.br\/wp-content\/uploads\/2025\/04\/Foto-S1-Fotografia-300x222.jpg 300w, https:\/\/mundodocarnaval.com.br\/wp-content\/uploads\/2025\/04\/Foto-S1-Fotografia-16x12.jpg 16w\" sizes=\"(max-width: 500px) 100vw, 500px\" \/><\/figure>\n<\/figure>\n","protected":false},"excerpt":{"rendered":"<p>Acad\u00eamicos de Niter\u00f3i confirma Tiago Martins como carnavalesco para 2026 Campe\u00e3o com a escola, Tiago Martins \u00e9 o primeiro nome confirmado na equipe do carnaval de 2026 da Acad\u00eamicos de Niter\u00f3i. Estreando no grupo especial, a azul e branca da cidade sorriso renovou com o carnavalesco, que ir\u00e1 ao seu terceiro ano assinando o desfile [&hellip;]<\/p>\n","protected":false},"author":1,"featured_media":1938,"comment_status":"open","ping_status":"open","sticky":false,"template":"","format":"standard","meta":{"footnotes":""},"categories":[13],"tags":[151,155,153,154,152],"class_list":["post-1937","post","type-post","status-publish","format-standard","has-post-thumbnail","hentry","category-fashion","tag-carnaval","tag-intendente-magalhaes","tag-mundo-do-carnaval","tag-rio-de-janeiro","tag-sapucai"],"_links":{"self":[{"href":"https:\/\/mundodocarnaval.com.br\/pt_br\/wp-json\/wp\/v2\/posts\/1937","targetHints":{"allow":["GET"]}}],"collection":[{"href":"https:\/\/mundodocarnaval.com.br\/pt_br\/wp-json\/wp\/v2\/posts"}],"about":[{"href":"https:\/\/mundodocarnaval.com.br\/pt_br\/wp-json\/wp\/v2\/types\/post"}],"author":[{"embeddable":true,"href":"https:\/\/mundodocarnaval.com.br\/pt_br\/wp-json\/wp\/v2\/users\/1"}],"replies":[{"embeddable":true,"href":"https:\/\/mundodocarnaval.com.br\/pt_br\/wp-json\/wp\/v2\/comments?post=1937"}],"version-history":[{"count":1,"href":"https:\/\/mundodocarnaval.com.br\/pt_br\/wp-json\/wp\/v2\/posts\/1937\/revisions"}],"predecessor-version":[{"id":1941,"href":"https:\/\/mundodocarnaval.com.br\/pt_br\/wp-json\/wp\/v2\/posts\/1937\/revisions\/1941"}],"wp:featuredmedia":[{"embeddable":true,"href":"https:\/\/mundodocarnaval.com.br\/pt_br\/wp-json\/wp\/v2\/media\/1938"}],"wp:attachment":[{"href":"https:\/\/mundodocarnaval.com.br\/pt_br\/wp-json\/wp\/v2\/media?parent=1937"}],"wp:term":[{"taxonomy":"category","embeddable":true,"href":"https:\/\/mundodocarnaval.com.br\/pt_br\/wp-json\/wp\/v2\/categories?post=1937"},{"taxonomy":"post_tag","embeddable":true,"href":"https:\/\/mundodocarnaval.com.br\/pt_br\/wp-json\/wp\/v2\/tags?post=1937"}],"curies":[{"name":"wp","href":"https:\/\/api.w.org\/{rel}","templated":true}]}}