{"id":1950,"date":"2025-04-01T15:51:54","date_gmt":"2025-04-01T15:51:54","guid":{"rendered":"https:\/\/mundodocarnaval.com.br\/?p=1950"},"modified":"2025-04-01T15:51:54","modified_gmt":"2025-04-01T15:51:54","slug":"unidos-de-lucas-renova-com-1o-casal-de-mestre-sala-e-porta-bandeira-para-2026","status":"publish","type":"post","link":"https:\/\/mundodocarnaval.com.br\/pt_br\/unidos-de-lucas-renova-com-1o-casal-de-mestre-sala-e-porta-bandeira-para-2026\/","title":{"rendered":"Unidos de Lucas renova com 1\u00ba casal de Mestre-sala e Porta-bandeira para 2026"},"content":{"rendered":"\n<p><strong>Unidos de Lucas renova com 1\u00ba casal de Mestre-sala e Porta-bandeira para 2026<\/strong>A Unidos de Lucas renovou com seu primeiro casal de Mestre-sala e Porta-bandeira para o carnaval de 2026. 40 pontos na apura\u00e7\u00e3o, Ewerton Anchieta e Alana Couto seguir\u00e3o defendendo o pavilh\u00e3o do Galo de Ouro da Leopoldina para a pr\u00f3xima temporada, na S\u00e9rie Prata.<\/p>\n\n\n\n<p>Primeiro ano desfilando juntos na agremia\u00e7\u00e3o, o casal representou \u201cO embate da compadecida e o cramulh\u00e3o\u201d no desfile deste ano, alcan\u00e7ando os 40 pontos na apresenta\u00e7\u00e3o dos jurados. Al\u00e9m da Unidos de Lucas, a dupla tamb\u00e9m defende o segundo pavilh\u00e3o da Em Cima da Hora.<\/p>\n\n\n\n<p>O Galo de Ouro da Leopoldina j\u00e1 iniciou os preparativos para o seu carnaval de 2026 e come\u00e7ar\u00e1 a divulgar todo elenco que estar\u00e1 na escola para o pr\u00f3ximo desfile.<\/p>\n\n\n\n<figure class=\"wp-block-gallery has-nested-images columns-default is-cropped wp-block-gallery-1 is-layout-flex wp-block-gallery-is-layout-flex\">\n<figure class=\"wp-block-image size-large\"><img fetchpriority=\"high\" decoding=\"async\" width=\"400\" height=\"500\" data-id=\"1952\" src=\"https:\/\/mundodocarnaval.com.br\/wp-content\/uploads\/2025\/04\/Foto-Nobres-Casais.jpg\" alt=\"\" class=\"wp-image-1952\" srcset=\"https:\/\/mundodocarnaval.com.br\/wp-content\/uploads\/2025\/04\/Foto-Nobres-Casais.jpg 400w, https:\/\/mundodocarnaval.com.br\/wp-content\/uploads\/2025\/04\/Foto-Nobres-Casais-240x300.jpg 240w, https:\/\/mundodocarnaval.com.br\/wp-content\/uploads\/2025\/04\/Foto-Nobres-Casais-10x12.jpg 10w\" sizes=\"(max-width: 400px) 100vw, 400px\" \/><\/figure>\n<\/figure>\n","protected":false},"excerpt":{"rendered":"<p>Unidos de Lucas renova com 1\u00ba casal de Mestre-sala e Porta-bandeira para 2026A Unidos de Lucas renovou com seu primeiro casal de Mestre-sala e Porta-bandeira para o carnaval de 2026. 40 pontos na apura\u00e7\u00e3o, Ewerton Anchieta e Alana Couto seguir\u00e3o defendendo o pavilh\u00e3o do Galo de Ouro da Leopoldina para a pr\u00f3xima temporada, na S\u00e9rie [&hellip;]<\/p>\n","protected":false},"author":1,"featured_media":1951,"comment_status":"open","ping_status":"open","sticky":false,"template":"","format":"standard","meta":{"footnotes":""},"categories":[14],"tags":[151,155,153,154,159,152],"class_list":["post-1950","post","type-post","status-publish","format-standard","has-post-thumbnail","hentry","category-gadgets","tag-carnaval","tag-intendente-magalhaes","tag-mundo-do-carnaval","tag-rio-de-janeiro","tag-samba","tag-sapucai"],"_links":{"self":[{"href":"https:\/\/mundodocarnaval.com.br\/pt_br\/wp-json\/wp\/v2\/posts\/1950","targetHints":{"allow":["GET"]}}],"collection":[{"href":"https:\/\/mundodocarnaval.com.br\/pt_br\/wp-json\/wp\/v2\/posts"}],"about":[{"href":"https:\/\/mundodocarnaval.com.br\/pt_br\/wp-json\/wp\/v2\/types\/post"}],"author":[{"embeddable":true,"href":"https:\/\/mundodocarnaval.com.br\/pt_br\/wp-json\/wp\/v2\/users\/1"}],"replies":[{"embeddable":true,"href":"https:\/\/mundodocarnaval.com.br\/pt_br\/wp-json\/wp\/v2\/comments?post=1950"}],"version-history":[{"count":1,"href":"https:\/\/mundodocarnaval.com.br\/pt_br\/wp-json\/wp\/v2\/posts\/1950\/revisions"}],"predecessor-version":[{"id":1953,"href":"https:\/\/mundodocarnaval.com.br\/pt_br\/wp-json\/wp\/v2\/posts\/1950\/revisions\/1953"}],"wp:featuredmedia":[{"embeddable":true,"href":"https:\/\/mundodocarnaval.com.br\/pt_br\/wp-json\/wp\/v2\/media\/1951"}],"wp:attachment":[{"href":"https:\/\/mundodocarnaval.com.br\/pt_br\/wp-json\/wp\/v2\/media?parent=1950"}],"wp:term":[{"taxonomy":"category","embeddable":true,"href":"https:\/\/mundodocarnaval.com.br\/pt_br\/wp-json\/wp\/v2\/categories?post=1950"},{"taxonomy":"post_tag","embeddable":true,"href":"https:\/\/mundodocarnaval.com.br\/pt_br\/wp-json\/wp\/v2\/tags?post=1950"}],"curies":[{"name":"wp","href":"https:\/\/api.w.org\/{rel}","templated":true}]}}