{"id":1954,"date":"2025-04-01T15:58:22","date_gmt":"2025-04-01T15:58:22","guid":{"rendered":"https:\/\/mundodocarnaval.com.br\/?p=1954"},"modified":"2025-04-01T15:58:22","modified_gmt":"2025-04-01T15:58:22","slug":"mauro-amorim-assume-a-direcao-geral-de-harmonia-da-uniao-de-marica","status":"publish","type":"post","link":"https:\/\/mundodocarnaval.com.br\/pt_br\/mauro-amorim-assume-a-direcao-geral-de-harmonia-da-uniao-de-marica\/","title":{"rendered":"Mauro Amorim assume a dire\u00e7\u00e3o geral de harmonia da Uni\u00e3o de Maric\u00e1"},"content":{"rendered":"\n<p><strong>Mauro Amorim assume a dire\u00e7\u00e3o geral de harmonia da Uni\u00e3o de Maric\u00e1<\/strong><br><em>Ap\u00f3s trabalho na Mocidade Independente de Padre Miguel,&nbsp;<\/em><em>profissional chega \u00e0 escola visando o Carnaval 2026<\/em><\/p>\n\n\n\n<p>A Uni\u00e3o de Maric\u00e1 tem um novo diretor geral de harmonia. Trata-se de Mauro Amorim, que chega \u00e0 escola ap\u00f3s Junior Cabe\u00e7a solicitar desligamento para assumir outro compromisso profissional. O an\u00fancio foi feito no \u00faltimo s\u00e1bado (22), atrav\u00e9s das redes sociais, e faz parte do processo de constru\u00e7\u00e3o da equipe da agremia\u00e7\u00e3o visando a disputa da S\u00e9rie Ouro em 2026.<\/p>\n\n\n\n<p>Mauro Amorim chega na Uni\u00e3o de Maric\u00e1 ap\u00f3s desempenhar a fun\u00e7\u00e3o de diretor de carnaval da Mocidade Independente de Padre Miguel. Ele iniciou a sua carreira na harmonia em 2009, ap\u00f3s participar do curso de forma\u00e7\u00e3o promovido pela Renascer de Jacarepagu\u00e1. Como diretor geral, teve a sua primeira experi\u00eancia na Unidos de Bangu, em 2015. No Carnaval 2018, come\u00e7ou a vitoriosa passagem pela Viradouro, conquistando a S\u00e9rie A (atual S\u00e9rie Ouro), o vice-campeonato do Grupo Especial em 2019 e o t\u00edtulo no ano seguinte.<\/p>\n\n\n\n<p>Como diretor de carnaval, al\u00e9m do \u00faltimo trabalho na Mocidade, Mauro tamb\u00e9m defendeu a Imperatriz Leopoldinense nos carnavais de 2023 e 2024, colecionando mais um t\u00edtulo e outro vice do Grupo Especial. Agora, de volta ao cargo de diretor geral de harmonia, ele agradeceu a confian\u00e7a da dire\u00e7\u00e3o da Uni\u00e3o de Maric\u00e1 e demonstrou entusiasmo com o novo desafio:<\/p>\n\n\n\n<p>&#8211; Agrade\u00e7o a toda dire\u00e7\u00e3o da Uni\u00e3o de Maric\u00e1 pela confian\u00e7a depositada no meu trabalho. Estou muito animado para somar for\u00e7as com essa comunidade apaixonada, ao lado do diretor de carnaval Wilsinho Alves e do carnavalesco Leandro Vieira, com quem tive momentos felizes na Imperatriz. Vamos juntos construir um grande desfile &#8211; disse.<\/p>\n\n\n\n<p>Com a chegada de Mauro Amorim, at\u00e9 o momento, o time da Uni\u00e3o de Maric\u00e1 conta com Wilsinho Alves na dire\u00e7\u00e3o de carnaval e Rodrigo Foca na dire\u00e7\u00e3o de barrac\u00e3o, Leandro Vieira como carnavalesco, JotaP\u00ea na dire\u00e7\u00e3o musical, Fabr\u00edcio Pires e Giovanna Justo como primeiro casal de mestre-sala e porta-bandeira e Z\u00e9 Paulo Sierra como int\u00e9rprete.<\/p>\n\n\n\n<p><strong>Foto: Leandro Lucas<\/strong><\/p>\n","protected":false},"excerpt":{"rendered":"<p>Mauro Amorim assume a dire\u00e7\u00e3o geral de harmonia da Uni\u00e3o de Maric\u00e1Ap\u00f3s trabalho na Mocidade Independente de Padre Miguel,&nbsp;profissional chega \u00e0 escola visando o Carnaval 2026 A Uni\u00e3o de Maric\u00e1 tem um novo diretor geral de harmonia. Trata-se de Mauro Amorim, que chega \u00e0 escola ap\u00f3s Junior Cabe\u00e7a solicitar desligamento para assumir outro compromisso profissional. [&hellip;]<\/p>\n","protected":false},"author":1,"featured_media":1955,"comment_status":"open","ping_status":"open","sticky":false,"template":"","format":"standard","meta":{"footnotes":""},"categories":[13],"tags":[151,155,153,154,159,152],"class_list":["post-1954","post","type-post","status-publish","format-standard","has-post-thumbnail","hentry","category-fashion","tag-carnaval","tag-intendente-magalhaes","tag-mundo-do-carnaval","tag-rio-de-janeiro","tag-samba","tag-sapucai"],"_links":{"self":[{"href":"https:\/\/mundodocarnaval.com.br\/pt_br\/wp-json\/wp\/v2\/posts\/1954","targetHints":{"allow":["GET"]}}],"collection":[{"href":"https:\/\/mundodocarnaval.com.br\/pt_br\/wp-json\/wp\/v2\/posts"}],"about":[{"href":"https:\/\/mundodocarnaval.com.br\/pt_br\/wp-json\/wp\/v2\/types\/post"}],"author":[{"embeddable":true,"href":"https:\/\/mundodocarnaval.com.br\/pt_br\/wp-json\/wp\/v2\/users\/1"}],"replies":[{"embeddable":true,"href":"https:\/\/mundodocarnaval.com.br\/pt_br\/wp-json\/wp\/v2\/comments?post=1954"}],"version-history":[{"count":1,"href":"https:\/\/mundodocarnaval.com.br\/pt_br\/wp-json\/wp\/v2\/posts\/1954\/revisions"}],"predecessor-version":[{"id":1956,"href":"https:\/\/mundodocarnaval.com.br\/pt_br\/wp-json\/wp\/v2\/posts\/1954\/revisions\/1956"}],"wp:featuredmedia":[{"embeddable":true,"href":"https:\/\/mundodocarnaval.com.br\/pt_br\/wp-json\/wp\/v2\/media\/1955"}],"wp:attachment":[{"href":"https:\/\/mundodocarnaval.com.br\/pt_br\/wp-json\/wp\/v2\/media?parent=1954"}],"wp:term":[{"taxonomy":"category","embeddable":true,"href":"https:\/\/mundodocarnaval.com.br\/pt_br\/wp-json\/wp\/v2\/categories?post=1954"},{"taxonomy":"post_tag","embeddable":true,"href":"https:\/\/mundodocarnaval.com.br\/pt_br\/wp-json\/wp\/v2\/tags?post=1954"}],"curies":[{"name":"wp","href":"https:\/\/api.w.org\/{rel}","templated":true}]}}