{"id":1957,"date":"2025-04-01T18:30:51","date_gmt":"2025-04-01T18:30:51","guid":{"rendered":"https:\/\/mundodocarnaval.com.br\/?p=1957"},"modified":"2025-04-01T18:30:51","modified_gmt":"2025-04-01T18:30:51","slug":"emanuel-lima-e-thainara-matias-assumem-o-primeiro-pavilhao-da-academicos-de-niteroi","status":"publish","type":"post","link":"https:\/\/mundodocarnaval.com.br\/pt_br\/emanuel-lima-e-thainara-matias-assumem-o-primeiro-pavilhao-da-academicos-de-niteroi\/","title":{"rendered":"Emanuel Lima e Thainara Matias assumem o primeiro pavilh\u00e3o da Acad\u00eamicos de Niter\u00f3i"},"content":{"rendered":"\n<p><strong>Emanuel Lima e Thainara Matias assumem o primeiro pavilh\u00e3o da Acad\u00eamicos de Niter\u00f3i<\/strong><\/p>\n\n\n\n<p>Para a estrear no Grupo Especial, a Acad\u00eamicos de Niter\u00f3i apostar\u00e1 no casal Emanuel Lima e Thainara Matias como condutores do primeiro pavilh\u00e3o azul e branco niteroiense. A dupla assume como 1\u00ba casal de Mestre-sala e Porta-bandeira da estreante na elite da folia carioca em busca dos 40 pontos. Com uma vasta experi\u00eancia no carnaval, a dupla j\u00e1 acumula pr\u00eamios como Samb@net e Tupi Carnaval total como melhor casal da S\u00e9rie Ouro, onde defenderam o primeiro pavilh\u00e3o da Unidos da Ponte nos \u00faltimos tr\u00eas carnavais.<\/p>\n\n\n\n<p>Emanuel Lima iniciou sua trajet\u00f3ria como mestre-sala na Rosa de Ouro, depois tem passagens pela Rocinha, Arranco do Engenho de Dentro, Unidos de Bangu, Sossego, Uni\u00e3o Cruzmaltina e Unidos da Ponte. Tamb\u00e9m dan\u00e7ava como mestre-sala da Portela desde 2018 e ficou at\u00e9 o \u00faltimo carnaval.<\/p>\n\n\n\n<p>&#8211;<em>&nbsp;\u00c9 um sentimento inexplic\u00e1vel ostentar o primeiro pavilh\u00e3o da Acad\u00eamicos de Niter\u00f3i no seu ano de estreia no grupo especial. O v\u00ednculo e o la\u00e7o que foram criados desde a primeira conversa, o respeito, a confian\u00e7a pelo meu trabalho e da minha porta-bandeira Thainara e principalmente o carinho, j\u00e1 me deixa ansioso pra erguer pela primeira vez nosso lindo pavilh\u00e3o<\/em>&nbsp;\u2013 revela Emanuel.<\/p>\n\n\n\n<p>Thainara Matias come\u00e7ou como Porta-bandeira em 2010 e tem passagem pelas escolas Est\u00e1cio de S\u00e1, Unidos das Vargens e Aboli\u00e7\u00e3o. Em 2023 assumiu o primeiro pavilh\u00e3o da Unidos da Ponte, onde dan\u00e7ou at\u00e9 o \u00faltimo carnaval e em 2024, fez sua estreia como segunda porta-bandeira da Portela, onde tamb\u00e9m permaneceu at\u00e9 o \u00faltimo desfile.<\/p>\n\n\n\n<p>&#8211;<em>&nbsp;O sentimento maior \u00e9 de gratid\u00e3o pela oportunidade e confian\u00e7a dada a n\u00f3s pelo presidente Wallace Palhares e toda diretoria. Meu cora\u00e7\u00e3o \u00e9 s\u00f3 felicidade por ter a honra de defender o pavilh\u00e3o dessa comunidade campe\u00e3 do carnaval e saber que toda nossa dedica\u00e7\u00e3o e amor que sempre tivemos est\u00e3o nos levando a al\u00e7ar voos mais altos. \u00c9 com muito respeito que pe\u00e7o licen\u00e7a aos Niteroienses para desfraldar seu pavilh\u00e3o e defender suas cores com toda minha garra e amor.&nbsp;<\/em>\u2013 Finaliza Thainara.<\/p>\n\n\n\n<figure class=\"wp-block-gallery has-nested-images columns-default is-cropped wp-block-gallery-1 is-layout-flex wp-block-gallery-is-layout-flex\">\n<figure class=\"wp-block-image size-large\"><img fetchpriority=\"high\" decoding=\"async\" width=\"375\" height=\"500\" data-id=\"1959\" src=\"https:\/\/mundodocarnaval.com.br\/wp-content\/uploads\/2025\/04\/Emanuel-e-Thainara-2.jpeg\" alt=\"\" class=\"wp-image-1959\" srcset=\"https:\/\/mundodocarnaval.com.br\/wp-content\/uploads\/2025\/04\/Emanuel-e-Thainara-2.jpeg 375w, https:\/\/mundodocarnaval.com.br\/wp-content\/uploads\/2025\/04\/Emanuel-e-Thainara-2-225x300.jpeg 225w, https:\/\/mundodocarnaval.com.br\/wp-content\/uploads\/2025\/04\/Emanuel-e-Thainara-2-9x12.jpeg 9w\" sizes=\"(max-width: 375px) 100vw, 375px\" \/><\/figure>\n\n\n\n<figure class=\"wp-block-image size-large\"><img decoding=\"async\" width=\"500\" height=\"416\" data-id=\"1960\" src=\"https:\/\/mundodocarnaval.com.br\/wp-content\/uploads\/2025\/04\/Emanuel-e-Thainara-2.jpg\" alt=\"\" class=\"wp-image-1960\" srcset=\"https:\/\/mundodocarnaval.com.br\/wp-content\/uploads\/2025\/04\/Emanuel-e-Thainara-2.jpg 500w, https:\/\/mundodocarnaval.com.br\/wp-content\/uploads\/2025\/04\/Emanuel-e-Thainara-2-300x250.jpg 300w, https:\/\/mundodocarnaval.com.br\/wp-content\/uploads\/2025\/04\/Emanuel-e-Thainara-2-14x12.jpg 14w\" sizes=\"(max-width: 500px) 100vw, 500px\" \/><\/figure>\n\n\n\n<figure class=\"wp-block-image size-large\"><img decoding=\"async\" width=\"437\" height=\"500\" data-id=\"1961\" src=\"https:\/\/mundodocarnaval.com.br\/wp-content\/uploads\/2025\/04\/Emanuel-e-Thainara-3.jpeg\" alt=\"\" class=\"wp-image-1961\" srcset=\"https:\/\/mundodocarnaval.com.br\/wp-content\/uploads\/2025\/04\/Emanuel-e-Thainara-3.jpeg 437w, https:\/\/mundodocarnaval.com.br\/wp-content\/uploads\/2025\/04\/Emanuel-e-Thainara-3-262x300.jpeg 262w, https:\/\/mundodocarnaval.com.br\/wp-content\/uploads\/2025\/04\/Emanuel-e-Thainara-3-10x12.jpeg 10w\" sizes=\"(max-width: 437px) 100vw, 437px\" \/><\/figure>\n<\/figure>\n","protected":false},"excerpt":{"rendered":"<p>Emanuel Lima e Thainara Matias assumem o primeiro pavilh\u00e3o da Acad\u00eamicos de Niter\u00f3i Para a estrear no Grupo Especial, a Acad\u00eamicos de Niter\u00f3i apostar\u00e1 no casal Emanuel Lima e Thainara Matias como condutores do primeiro pavilh\u00e3o azul e branco niteroiense. A dupla assume como 1\u00ba casal de Mestre-sala e Porta-bandeira da estreante na elite da [&hellip;]<\/p>\n","protected":false},"author":1,"featured_media":1958,"comment_status":"open","ping_status":"open","sticky":false,"template":"","format":"standard","meta":{"footnotes":""},"categories":[13],"tags":[151,155,153,154,159,152],"class_list":["post-1957","post","type-post","status-publish","format-standard","has-post-thumbnail","hentry","category-fashion","tag-carnaval","tag-intendente-magalhaes","tag-mundo-do-carnaval","tag-rio-de-janeiro","tag-samba","tag-sapucai"],"_links":{"self":[{"href":"https:\/\/mundodocarnaval.com.br\/pt_br\/wp-json\/wp\/v2\/posts\/1957","targetHints":{"allow":["GET"]}}],"collection":[{"href":"https:\/\/mundodocarnaval.com.br\/pt_br\/wp-json\/wp\/v2\/posts"}],"about":[{"href":"https:\/\/mundodocarnaval.com.br\/pt_br\/wp-json\/wp\/v2\/types\/post"}],"author":[{"embeddable":true,"href":"https:\/\/mundodocarnaval.com.br\/pt_br\/wp-json\/wp\/v2\/users\/1"}],"replies":[{"embeddable":true,"href":"https:\/\/mundodocarnaval.com.br\/pt_br\/wp-json\/wp\/v2\/comments?post=1957"}],"version-history":[{"count":1,"href":"https:\/\/mundodocarnaval.com.br\/pt_br\/wp-json\/wp\/v2\/posts\/1957\/revisions"}],"predecessor-version":[{"id":1962,"href":"https:\/\/mundodocarnaval.com.br\/pt_br\/wp-json\/wp\/v2\/posts\/1957\/revisions\/1962"}],"wp:featuredmedia":[{"embeddable":true,"href":"https:\/\/mundodocarnaval.com.br\/pt_br\/wp-json\/wp\/v2\/media\/1958"}],"wp:attachment":[{"href":"https:\/\/mundodocarnaval.com.br\/pt_br\/wp-json\/wp\/v2\/media?parent=1957"}],"wp:term":[{"taxonomy":"category","embeddable":true,"href":"https:\/\/mundodocarnaval.com.br\/pt_br\/wp-json\/wp\/v2\/categories?post=1957"},{"taxonomy":"post_tag","embeddable":true,"href":"https:\/\/mundodocarnaval.com.br\/pt_br\/wp-json\/wp\/v2\/tags?post=1957"}],"curies":[{"name":"wp","href":"https:\/\/api.w.org\/{rel}","templated":true}]}}