{"id":1963,"date":"2025-04-01T18:45:00","date_gmt":"2025-04-01T18:45:00","guid":{"rendered":"https:\/\/mundodocarnaval.com.br\/?p=1963"},"modified":"2025-04-01T18:45:00","modified_gmt":"2025-04-01T18:45:00","slug":"unidos-de-bangu-renova-com-marcelo-do-rap-para-o-carnaval-2026","status":"publish","type":"post","link":"https:\/\/mundodocarnaval.com.br\/pt_br\/unidos-de-bangu-renova-com-marcelo-do-rap-para-o-carnaval-2026\/","title":{"rendered":"UNIDOS DE BANGU RENOVA COM MARCELO DO RAP PARA O CARNAVAL 2026"},"content":{"rendered":"\n<p>Em busca do t\u00e3o sonhado acesso ao Grupo Especial, a Unidos de Bangu come\u00e7a a montar seu time para o Carnaval de 2026. O primeiro nome confirmado na agremia\u00e7\u00e3o \u00e9 o do &nbsp;diretor de Carnaval, Marcelo do Rap, que segue com a miss\u00e3o de levar a escola ao t\u00e3o sonhado acesso ao grupo especial.<\/p>\n\n\n\n<p>Com uma trajet\u00f3ria marcada por dedica\u00e7\u00e3o e conquistas, Marcelo j\u00e1 ocupou a presid\u00eancia da Unidos de Bangu e, desde 2021, comanda a dire\u00e7\u00e3o de Carnaval com maestria. Seu hist\u00f3rico vitorioso inclui acessos \u00e0 Marqu\u00eas de Sapuca\u00ed com a pr\u00f3pria Unidos de Bangu em 2016, Vig\u00e1rio Geral em 2019 e Uni\u00e3o de Maric\u00e1 em 2023. Agora, em 2026, ele renova o compromisso com a mais antiga da Zona Oeste.<\/p>\n\n\n\n<p>\u201cJ\u00e1 estamos estudando alguns nomes e renova\u00e7\u00f5es, mas com certeza podem esperar uma equipe fort\u00edssima para que esse t\u00e3o almejado acesso chegue. Fizemos um planejamento para disputar o t\u00edtulo no \u00faltimo carnaval, mas acidentes acontecem. Podem esperar que 2026 ser\u00e1 um grande ano para a Bangu. Agrade\u00e7o a parceria e confian\u00e7a do meu irm\u00e3o e nosso presidente, Leandro Augusto\u201d, destacou Marcelo do Rap.<\/p>\n\n\n\n<p>Foto: Thayna Gomes | @thayvision<\/p>\n\n\n\n<figure class=\"wp-block-gallery has-nested-images columns-default is-cropped wp-block-gallery-1 is-layout-flex wp-block-gallery-is-layout-flex\">\n<figure class=\"wp-block-image size-large\"><img fetchpriority=\"high\" decoding=\"async\" width=\"500\" height=\"333\" data-id=\"1965\" src=\"https:\/\/mundodocarnaval.com.br\/wp-content\/uploads\/2025\/04\/Marcelo-do-Rap.jpeg\" alt=\"\" class=\"wp-image-1965\" srcset=\"https:\/\/mundodocarnaval.com.br\/wp-content\/uploads\/2025\/04\/Marcelo-do-Rap.jpeg 500w, https:\/\/mundodocarnaval.com.br\/wp-content\/uploads\/2025\/04\/Marcelo-do-Rap-300x200.jpeg 300w, https:\/\/mundodocarnaval.com.br\/wp-content\/uploads\/2025\/04\/Marcelo-do-Rap-18x12.jpeg 18w\" sizes=\"(max-width: 500px) 100vw, 500px\" \/><\/figure>\n<\/figure>\n","protected":false},"excerpt":{"rendered":"<p>Em busca do t\u00e3o sonhado acesso ao Grupo Especial, a Unidos de Bangu come\u00e7a a montar seu time para o Carnaval de 2026. O primeiro nome confirmado na agremia\u00e7\u00e3o \u00e9 o do &nbsp;diretor de Carnaval, Marcelo do Rap, que segue com a miss\u00e3o de levar a escola ao t\u00e3o sonhado acesso ao grupo especial. Com [&hellip;]<\/p>\n","protected":false},"author":1,"featured_media":1964,"comment_status":"open","ping_status":"open","sticky":false,"template":"","format":"standard","meta":{"footnotes":""},"categories":[13],"tags":[151,155,153,154,159,152],"class_list":["post-1963","post","type-post","status-publish","format-standard","has-post-thumbnail","hentry","category-fashion","tag-carnaval","tag-intendente-magalhaes","tag-mundo-do-carnaval","tag-rio-de-janeiro","tag-samba","tag-sapucai"],"_links":{"self":[{"href":"https:\/\/mundodocarnaval.com.br\/pt_br\/wp-json\/wp\/v2\/posts\/1963","targetHints":{"allow":["GET"]}}],"collection":[{"href":"https:\/\/mundodocarnaval.com.br\/pt_br\/wp-json\/wp\/v2\/posts"}],"about":[{"href":"https:\/\/mundodocarnaval.com.br\/pt_br\/wp-json\/wp\/v2\/types\/post"}],"author":[{"embeddable":true,"href":"https:\/\/mundodocarnaval.com.br\/pt_br\/wp-json\/wp\/v2\/users\/1"}],"replies":[{"embeddable":true,"href":"https:\/\/mundodocarnaval.com.br\/pt_br\/wp-json\/wp\/v2\/comments?post=1963"}],"version-history":[{"count":1,"href":"https:\/\/mundodocarnaval.com.br\/pt_br\/wp-json\/wp\/v2\/posts\/1963\/revisions"}],"predecessor-version":[{"id":1966,"href":"https:\/\/mundodocarnaval.com.br\/pt_br\/wp-json\/wp\/v2\/posts\/1963\/revisions\/1966"}],"wp:featuredmedia":[{"embeddable":true,"href":"https:\/\/mundodocarnaval.com.br\/pt_br\/wp-json\/wp\/v2\/media\/1964"}],"wp:attachment":[{"href":"https:\/\/mundodocarnaval.com.br\/pt_br\/wp-json\/wp\/v2\/media?parent=1963"}],"wp:term":[{"taxonomy":"category","embeddable":true,"href":"https:\/\/mundodocarnaval.com.br\/pt_br\/wp-json\/wp\/v2\/categories?post=1963"},{"taxonomy":"post_tag","embeddable":true,"href":"https:\/\/mundodocarnaval.com.br\/pt_br\/wp-json\/wp\/v2\/tags?post=1963"}],"curies":[{"name":"wp","href":"https:\/\/api.w.org\/{rel}","templated":true}]}}