{"id":1967,"date":"2025-04-01T18:54:35","date_gmt":"2025-04-01T18:54:35","guid":{"rendered":"https:\/\/mundodocarnaval.com.br\/?p=1967"},"modified":"2025-04-01T18:54:35","modified_gmt":"2025-04-01T18:54:35","slug":"aprendizes-do-salgueiro-oferece-reforco-escolar-e-curso-de-ingles-para-criancas-do-ensino-fundamental","status":"publish","type":"post","link":"https:\/\/mundodocarnaval.com.br\/pt_br\/aprendizes-do-salgueiro-oferece-reforco-escolar-e-curso-de-ingles-para-criancas-do-ensino-fundamental\/","title":{"rendered":"Aprendizes do Salgueiro oferece refor\u00e7o escolar e curso de ingl\u00eas para crian\u00e7as do ensino fundamental"},"content":{"rendered":"\n<p><strong>Aprendizes do Salgueiro oferece refor\u00e7o escolar e curso de ingl\u00eas para crian\u00e7as do ensino fundamental<\/strong><\/p>\n\n\n\n<p>A escola mirim Aprendizes do Salgueiro segue investindo no futuro de seus integrantes e da comunidade! A partir do dia 1\u00ba de maio, a agremia\u00e7\u00e3o oferecer\u00e1 refor\u00e7o escolar e um curso de ingl\u00eas voltado para alunos do 1\u00ba ao 5\u00ba ano do ensino fundamental.<\/p>\n\n\n\n<p>As inscri\u00e7\u00f5es j\u00e1 est\u00e3o abertas e podem ser feitas presencialmente na Vila Ol\u00edmpica do Salgueiro, Rua Silva Teles, 104 nos seguintes dias e hor\u00e1rios:<\/p>\n\n\n\n<p>&#8211; Segundas e quartas-feiras, \u00e0s 15h<br>&#8211; Ter\u00e7as e quintas-feiras, \u00e0s 9h<\/p>\n\n\n\n<p>Para garantir a vaga, os respons\u00e1veis devem apresentar uma c\u00f3pia da identidade da crian\u00e7a no ato da inscri\u00e7\u00e3o.<\/p>\n\n\n\n<p>Com essa iniciativa, o Aprendizes do Salgueiro reafirma seu compromisso com a educa\u00e7\u00e3o e o desenvolvimento dos jovens talentos da comunidade. N\u00e3o perca essa oportunidade!<\/p>\n\n\n\n<p>Para mais informa\u00e7\u00f5es, acompanhe as redes sociais do Aprendizes do Salgueiro.<\/p>\n","protected":false},"excerpt":{"rendered":"<p>Aprendizes do Salgueiro oferece refor\u00e7o escolar e curso de ingl\u00eas para crian\u00e7as do ensino fundamental A escola mirim Aprendizes do Salgueiro segue investindo no futuro de seus integrantes e da comunidade! A partir do dia 1\u00ba de maio, a agremia\u00e7\u00e3o oferecer\u00e1 refor\u00e7o escolar e um curso de ingl\u00eas voltado para alunos do 1\u00ba ao 5\u00ba [&hellip;]<\/p>\n","protected":false},"author":1,"featured_media":1968,"comment_status":"open","ping_status":"open","sticky":false,"template":"","format":"standard","meta":{"footnotes":""},"categories":[16],"tags":[151,155,153,154,159,152],"class_list":["post-1967","post","type-post","status-publish","format-standard","has-post-thumbnail","hentry","category-escolas-mirins","tag-carnaval","tag-intendente-magalhaes","tag-mundo-do-carnaval","tag-rio-de-janeiro","tag-samba","tag-sapucai"],"_links":{"self":[{"href":"https:\/\/mundodocarnaval.com.br\/pt_br\/wp-json\/wp\/v2\/posts\/1967","targetHints":{"allow":["GET"]}}],"collection":[{"href":"https:\/\/mundodocarnaval.com.br\/pt_br\/wp-json\/wp\/v2\/posts"}],"about":[{"href":"https:\/\/mundodocarnaval.com.br\/pt_br\/wp-json\/wp\/v2\/types\/post"}],"author":[{"embeddable":true,"href":"https:\/\/mundodocarnaval.com.br\/pt_br\/wp-json\/wp\/v2\/users\/1"}],"replies":[{"embeddable":true,"href":"https:\/\/mundodocarnaval.com.br\/pt_br\/wp-json\/wp\/v2\/comments?post=1967"}],"version-history":[{"count":1,"href":"https:\/\/mundodocarnaval.com.br\/pt_br\/wp-json\/wp\/v2\/posts\/1967\/revisions"}],"predecessor-version":[{"id":1969,"href":"https:\/\/mundodocarnaval.com.br\/pt_br\/wp-json\/wp\/v2\/posts\/1967\/revisions\/1969"}],"wp:featuredmedia":[{"embeddable":true,"href":"https:\/\/mundodocarnaval.com.br\/pt_br\/wp-json\/wp\/v2\/media\/1968"}],"wp:attachment":[{"href":"https:\/\/mundodocarnaval.com.br\/pt_br\/wp-json\/wp\/v2\/media?parent=1967"}],"wp:term":[{"taxonomy":"category","embeddable":true,"href":"https:\/\/mundodocarnaval.com.br\/pt_br\/wp-json\/wp\/v2\/categories?post=1967"},{"taxonomy":"post_tag","embeddable":true,"href":"https:\/\/mundodocarnaval.com.br\/pt_br\/wp-json\/wp\/v2\/tags?post=1967"}],"curies":[{"name":"wp","href":"https:\/\/api.w.org\/{rel}","templated":true}]}}