{"id":1970,"date":"2025-04-01T19:04:37","date_gmt":"2025-04-01T19:04:37","guid":{"rendered":"https:\/\/mundodocarnaval.com.br\/?p=1970"},"modified":"2025-04-04T16:31:54","modified_gmt":"2025-04-04T19:31:54","slug":"rebeca-tito-e-vinicio-antunes-formam-a-nova-primeira-cacarola-dos-tuiuti","status":"publish","type":"post","link":"https:\/\/mundodocarnaval.com.br\/pt_br\/rebeca-tito-e-vinicio-antunes-formam-a-nova-primeira-cacarola-dos-tuiuti\/","title":{"rendered":"Rebeca Tito e Vin\u00edcio Antunes formam a nova primeira ca\u00e7arola dos Tuiuti"},"content":{"rendered":"\n<p><strong>Rebeca Tito e Vin\u00edcio Antunes formam a nova primeira casa do Para\u00edso dos Tuiuti<\/strong><br>Profissional se faz em casa! O Para\u00edso do Tuiuti escolheu Rebeca Tito para ser a primeira porta-bandeira da agremia\u00e7\u00e3o na temporada de 2026. A jovem que come\u00e7ou na azul e amarelo aos 4 anos vai defender o pavilh\u00e3o ao lado do premiado Vin\u00edcius Antunes. Ele esteve na Unidos de Padre Miguel por 11 carnavais.<\/p>\n\n\n\n<p>\u201cEstou muito emocionada com essa oportunidade na minha escola. Foi com 13 anos que fui a terceira porta-bandeira do Tuiuti e nunca mais parei. Defender o pavilh\u00e3o do Tuiuti est\u00e1 no meu sangue\u201d, afirma Rebeca.<\/p>\n\n\n\n<p>O novo casal foi recebido na quadra do Tuiuti pelos baluartes e j\u00e1 se preparam para o in\u00edcio dos ensaios juntos. A apresenta\u00e7\u00e3o oficial deles ocorre no pr\u00f3ximo dia 6 de abril durante a festa de anivers\u00e1rio da escola.<\/p>\n\n\n\n<p>\u201cTenho acompanhado a carreira da Rebekah desde o initium e agora vamos defender a comunidade jotos essa. Sabemos da responsabilidade da nossa e vamos torn\u00e1-la verdadeira \u201d, conta Vinicius.<\/p>\n\n\n\n<p><strong>Fotos: Reprodu\u00e7\u00e3o Stephano Loyo<\/strong><\/p>\n\n\n\n<figure class=\"wp-block-gallery has-nested-images columns-default is-cropped wp-block-gallery-1 is-layout-flex wp-block-gallery-is-layout-flex\">\n<figure class=\"wp-block-image size-large\"><img fetchpriority=\"high\" decoding=\"async\" width=\"500\" height=\"281\" data-id=\"1972\" src=\"https:\/\/mundodocarnaval.com.br\/wp-content\/uploads\/2025\/04\/casal-tuiuti26-2.jpeg\" alt=\"\" class=\"wp-image-1972\" srcset=\"https:\/\/mundodocarnaval.com.br\/wp-content\/uploads\/2025\/04\/casal-tuiuti26-2.jpeg 500w, https:\/\/mundodocarnaval.com.br\/wp-content\/uploads\/2025\/04\/casal-tuiuti26-2-300x169.jpeg 300w, https:\/\/mundodocarnaval.com.br\/wp-content\/uploads\/2025\/04\/casal-tuiuti26-2-18x10.jpeg 18w\" sizes=\"(max-width: 500px) 100vw, 500px\" \/><\/figure>\n<\/figure>\n","protected":false},"excerpt":{"rendered":"<p>Rebeca Tito e Vin\u00edcio Antunes formam a nova primeira casa do Para\u00edso dos TuiutiProfissional se faz em casa! O Para\u00edso do Tuiuti escolheu Rebeca Tito para ser a primeira porta-bandeira da agremia\u00e7\u00e3o na temporada de 2026. A jovem que come\u00e7ou na azul e amarelo aos 4 anos vai defender o pavilh\u00e3o ao lado do premiado [&hellip;]<\/p>\n","protected":false},"author":1,"featured_media":1971,"comment_status":"closed","ping_status":"open","sticky":false,"template":"","format":"standard","meta":{"footnotes":""},"categories":[12],"tags":[151,155,153,154,159,152],"class_list":["post-1970","post","type-post","status-publish","format-standard","has-post-thumbnail","hentry","category-grupo-especial","tag-carnaval","tag-intendente-magalhaes","tag-mundo-do-carnaval","tag-rio-de-janeiro","tag-samba","tag-sapucai"],"_links":{"self":[{"href":"https:\/\/mundodocarnaval.com.br\/pt_br\/wp-json\/wp\/v2\/posts\/1970","targetHints":{"allow":["GET"]}}],"collection":[{"href":"https:\/\/mundodocarnaval.com.br\/pt_br\/wp-json\/wp\/v2\/posts"}],"about":[{"href":"https:\/\/mundodocarnaval.com.br\/pt_br\/wp-json\/wp\/v2\/types\/post"}],"author":[{"embeddable":true,"href":"https:\/\/mundodocarnaval.com.br\/pt_br\/wp-json\/wp\/v2\/users\/1"}],"replies":[{"embeddable":true,"href":"https:\/\/mundodocarnaval.com.br\/pt_br\/wp-json\/wp\/v2\/comments?post=1970"}],"version-history":[{"count":1,"href":"https:\/\/mundodocarnaval.com.br\/pt_br\/wp-json\/wp\/v2\/posts\/1970\/revisions"}],"predecessor-version":[{"id":1973,"href":"https:\/\/mundodocarnaval.com.br\/pt_br\/wp-json\/wp\/v2\/posts\/1970\/revisions\/1973"}],"wp:featuredmedia":[{"embeddable":true,"href":"https:\/\/mundodocarnaval.com.br\/pt_br\/wp-json\/wp\/v2\/media\/1971"}],"wp:attachment":[{"href":"https:\/\/mundodocarnaval.com.br\/pt_br\/wp-json\/wp\/v2\/media?parent=1970"}],"wp:term":[{"taxonomy":"category","embeddable":true,"href":"https:\/\/mundodocarnaval.com.br\/pt_br\/wp-json\/wp\/v2\/categories?post=1970"},{"taxonomy":"post_tag","embeddable":true,"href":"https:\/\/mundodocarnaval.com.br\/pt_br\/wp-json\/wp\/v2\/tags?post=1970"}],"curies":[{"name":"wp","href":"https:\/\/api.w.org\/{rel}","templated":true}]}}