{"id":1974,"date":"2025-04-01T19:52:25","date_gmt":"2025-04-01T19:52:25","guid":{"rendered":"https:\/\/mundodocarnaval.com.br\/?p=1974"},"modified":"2025-04-04T16:31:54","modified_gmt":"2025-04-04T19:31:54","slug":"alexandre-louzada-nao-seguira-na-unidos-de-padre-miguel-para-o-carnaval-2026","status":"publish","type":"post","link":"https:\/\/mundodocarnaval.com.br\/pt_br\/alexandre-louzada-nao-seguira-na-unidos-de-padre-miguel-para-o-carnaval-2026\/","title":{"rendered":"Alexandre Louzada n\u00e3o seguir\u00e1 na Unidos de Padre Miguel para o Carnaval 2026"},"content":{"rendered":"\n<p>Fotos: divulga\u00e7\u00e3o&nbsp;<\/p>\n\n\n\n<p><strong>Alexandre Louzada n\u00e3o seguir\u00e1 na Unidos de Padre Miguel para o Carnaval 2026<\/strong><\/p>\n\n\n\n<p>A Unidos de Padre Miguel anunciou que o carnavalesco Alexandre Louzada n\u00e3o seguir\u00e1 na escola para o Carnaval 2026. Um dos respons\u00e1veis pelo desfile de 2025, Louzada trouxe sua experi\u00eancia e talento para contar a hist\u00f3ria de Iya Nass\u00f4 e o terreiro da Casa Branca do Engenho Velho.&nbsp;<\/p>\n\n\n\n<p>A agremia\u00e7\u00e3o agradeceu ao artista pelo empenho e dedica\u00e7\u00e3o ao longo de sua passagem, destacando sua contribui\u00e7\u00e3o para a grandiosidade do desfile. Desejamos sucesso em seus pr\u00f3ximos desafios e que sua arte continue encantando o mundo do samba.<\/p>\n\n\n\n<p>Em breve, a escola anunciar\u00e1 novidades sobre sua equipe para o pr\u00f3ximo desfile.<\/p>\n","protected":false},"excerpt":{"rendered":"<p>Fotos: divulga\u00e7\u00e3o&nbsp; Alexandre Louzada n\u00e3o seguir\u00e1 na Unidos de Padre Miguel para o Carnaval 2026 A Unidos de Padre Miguel anunciou que o carnavalesco Alexandre Louzada n\u00e3o seguir\u00e1 na escola para o Carnaval 2026. Um dos respons\u00e1veis pelo desfile de 2025, Louzada trouxe sua experi\u00eancia e talento para contar a hist\u00f3ria de Iya Nass\u00f4 e [&hellip;]<\/p>\n","protected":false},"author":1,"featured_media":1975,"comment_status":"closed","ping_status":"open","sticky":false,"template":"","format":"standard","meta":{"footnotes":""},"categories":[13],"tags":[151,155,153,154,159,152],"class_list":["post-1974","post","type-post","status-publish","format-standard","has-post-thumbnail","hentry","category-fashion","tag-carnaval","tag-intendente-magalhaes","tag-mundo-do-carnaval","tag-rio-de-janeiro","tag-samba","tag-sapucai"],"_links":{"self":[{"href":"https:\/\/mundodocarnaval.com.br\/pt_br\/wp-json\/wp\/v2\/posts\/1974","targetHints":{"allow":["GET"]}}],"collection":[{"href":"https:\/\/mundodocarnaval.com.br\/pt_br\/wp-json\/wp\/v2\/posts"}],"about":[{"href":"https:\/\/mundodocarnaval.com.br\/pt_br\/wp-json\/wp\/v2\/types\/post"}],"author":[{"embeddable":true,"href":"https:\/\/mundodocarnaval.com.br\/pt_br\/wp-json\/wp\/v2\/users\/1"}],"replies":[{"embeddable":true,"href":"https:\/\/mundodocarnaval.com.br\/pt_br\/wp-json\/wp\/v2\/comments?post=1974"}],"version-history":[{"count":1,"href":"https:\/\/mundodocarnaval.com.br\/pt_br\/wp-json\/wp\/v2\/posts\/1974\/revisions"}],"predecessor-version":[{"id":1976,"href":"https:\/\/mundodocarnaval.com.br\/pt_br\/wp-json\/wp\/v2\/posts\/1974\/revisions\/1976"}],"wp:featuredmedia":[{"embeddable":true,"href":"https:\/\/mundodocarnaval.com.br\/pt_br\/wp-json\/wp\/v2\/media\/1975"}],"wp:attachment":[{"href":"https:\/\/mundodocarnaval.com.br\/pt_br\/wp-json\/wp\/v2\/media?parent=1974"}],"wp:term":[{"taxonomy":"category","embeddable":true,"href":"https:\/\/mundodocarnaval.com.br\/pt_br\/wp-json\/wp\/v2\/categories?post=1974"},{"taxonomy":"post_tag","embeddable":true,"href":"https:\/\/mundodocarnaval.com.br\/pt_br\/wp-json\/wp\/v2\/tags?post=1974"}],"curies":[{"name":"wp","href":"https:\/\/api.w.org\/{rel}","templated":true}]}}