{"id":1977,"date":"2025-04-01T19:57:20","date_gmt":"2025-04-01T19:57:20","guid":{"rendered":"https:\/\/mundodocarnaval.com.br\/?p=1977"},"modified":"2025-04-04T16:31:54","modified_gmt":"2025-04-04T19:31:54","slug":"lucas-milato-segue-como-carnavalesco-da-unidos-de-padre-miguel-para-o-carnaval-2026","status":"publish","type":"post","link":"https:\/\/mundodocarnaval.com.br\/pt_br\/lucas-milato-segue-como-carnavalesco-da-unidos-de-padre-miguel-para-o-carnaval-2026\/","title":{"rendered":"Lucas Milato segue como carnavalesco da Unidos de Padre Miguel para o Carnaval 2026"},"content":{"rendered":"\n<p><strong>Lucas Milato segue como carnavalesco da Unidos de Padre Miguel para o Carnaval 2026<\/strong><\/p>\n\n\n\n<p>A Unidos de Padre Miguel anunciou a renova\u00e7\u00e3o de Lucas Milato como carnavalesco para o Carnaval 2026. Ap\u00f3s um trabalho de destaque nos \u00faltimos carnavais, o artista seguir\u00e1 \u00e0 frente do desenvolvimento&nbsp;do projeto&nbsp;&nbsp;da escola.<\/p>\n","protected":false},"excerpt":{"rendered":"<p>Lucas Milato segue como carnavalesco da Unidos de Padre Miguel para o Carnaval 2026 A Unidos de Padre Miguel anunciou a renova\u00e7\u00e3o de Lucas Milato como carnavalesco para o Carnaval 2026. Ap\u00f3s um trabalho de destaque nos \u00faltimos carnavais, o artista seguir\u00e1 \u00e0 frente do desenvolvimento&nbsp;do projeto&nbsp;&nbsp;da escola.<\/p>\n","protected":false},"author":1,"featured_media":1978,"comment_status":"closed","ping_status":"open","sticky":false,"template":"","format":"standard","meta":{"footnotes":""},"categories":[13],"tags":[151,155,153,154,159,152],"class_list":["post-1977","post","type-post","status-publish","format-standard","has-post-thumbnail","hentry","category-fashion","tag-carnaval","tag-intendente-magalhaes","tag-mundo-do-carnaval","tag-rio-de-janeiro","tag-samba","tag-sapucai"],"_links":{"self":[{"href":"https:\/\/mundodocarnaval.com.br\/pt_br\/wp-json\/wp\/v2\/posts\/1977","targetHints":{"allow":["GET"]}}],"collection":[{"href":"https:\/\/mundodocarnaval.com.br\/pt_br\/wp-json\/wp\/v2\/posts"}],"about":[{"href":"https:\/\/mundodocarnaval.com.br\/pt_br\/wp-json\/wp\/v2\/types\/post"}],"author":[{"embeddable":true,"href":"https:\/\/mundodocarnaval.com.br\/pt_br\/wp-json\/wp\/v2\/users\/1"}],"replies":[{"embeddable":true,"href":"https:\/\/mundodocarnaval.com.br\/pt_br\/wp-json\/wp\/v2\/comments?post=1977"}],"version-history":[{"count":1,"href":"https:\/\/mundodocarnaval.com.br\/pt_br\/wp-json\/wp\/v2\/posts\/1977\/revisions"}],"predecessor-version":[{"id":1979,"href":"https:\/\/mundodocarnaval.com.br\/pt_br\/wp-json\/wp\/v2\/posts\/1977\/revisions\/1979"}],"wp:featuredmedia":[{"embeddable":true,"href":"https:\/\/mundodocarnaval.com.br\/pt_br\/wp-json\/wp\/v2\/media\/1978"}],"wp:attachment":[{"href":"https:\/\/mundodocarnaval.com.br\/pt_br\/wp-json\/wp\/v2\/media?parent=1977"}],"wp:term":[{"taxonomy":"category","embeddable":true,"href":"https:\/\/mundodocarnaval.com.br\/pt_br\/wp-json\/wp\/v2\/categories?post=1977"},{"taxonomy":"post_tag","embeddable":true,"href":"https:\/\/mundodocarnaval.com.br\/pt_br\/wp-json\/wp\/v2\/tags?post=1977"}],"curies":[{"name":"wp","href":"https:\/\/api.w.org\/{rel}","templated":true}]}}