{"id":1980,"date":"2025-04-01T20:07:53","date_gmt":"2025-04-01T20:07:53","guid":{"rendered":"https:\/\/mundodocarnaval.com.br\/?p=1980"},"modified":"2025-04-04T16:31:54","modified_gmt":"2025-04-04T19:31:54","slug":"dimas-santos-e-beto-felicio-assumem-direcao-de-carnaval-da-unidos-de-lucas","status":"publish","type":"post","link":"https:\/\/mundodocarnaval.com.br\/pt_br\/dimas-santos-e-beto-felicio-assumem-direcao-de-carnaval-da-unidos-de-lucas\/","title":{"rendered":"Dimas Santos e Beto Felicio assumem Dire\u00e7\u00e3o de Carnaval da Unidos de Lucas"},"content":{"rendered":"\n<p><strong>Dimas Santos e Beto Felicio assumem Dire\u00e7\u00e3o de Carnaval da Unidos de Lucas<\/strong><\/p>\n\n\n\n<p>A Unidos de Lucas segue se refor\u00e7ando para o carnaval de 2026. A escola anunciou uma dupla na dire\u00e7\u00e3o de carnaval para o pr\u00f3ximo desfile. Dimas Santos e Beto Felicio assumem a fun\u00e7\u00e3o no Galo de ouro da Leopoldina rumo ao campeonato e uma vaga na S\u00e9rie Ouro.<\/p>\n\n\n\n<p>Dimas Santos foi diretor de harmonia no Acad\u00eamicos do Dend\u00ea, Boi da Ilha e Uni\u00e3o da Ilha. Nos dois \u00faltimos carnavais foi diretor de carnaval do Boi da Ilha, estando na escola h\u00e1 quatro anos e sendo campe\u00e3o em dois carnavais, gabaritando o quesito em tr\u00eas desfiles.<\/p>\n\n\n\n<p>&#8211; Chego com a expectativa de ajustar os pontos que podemos desenvolver dentro da escola, trabalho de integra\u00e7\u00e3o com a comunidade, fortalecimento do ch\u00e3o da escola, e fazer um trabalho pra conseguir levar essa escola a s\u00e9rie ouro \u2013 revela Dimas.<\/p>\n\n\n\n<p>Com uma grande experi\u00eancia no carnaval, passando por diversos segmentos, Beto tem passagens por escolas como Unidos da Ponte, Acad\u00eamicos de Niter\u00f3i, Botafogo Samba Clube, al\u00e9m de ter sido Superintendente da Liesb em 2019 e do Acad\u00eamicos do Dend\u00ea. \u201cEstou chegando na escola com muita humildade e muita vontade de trabalhar para que possamos alcan\u00e7ar o objetivo mais alto com nossa escola. Avante, Unidos de Lucas\u201d \u2013 finaliza Beto.<br><\/p>\n\n\n\n<figure class=\"wp-block-gallery has-nested-images columns-default is-cropped wp-block-gallery-1 is-layout-flex wp-block-gallery-is-layout-flex\">\n<figure class=\"wp-block-image size-large\"><img fetchpriority=\"high\" decoding=\"async\" width=\"1024\" height=\"768\" data-id=\"1982\" src=\"https:\/\/mundodocarnaval.com.br\/wp-content\/uploads\/2025\/04\/Dimas-Santos-e-Beto-Felicio-2-1024x768.jpeg\" alt=\"\" class=\"wp-image-1982\" srcset=\"https:\/\/mundodocarnaval.com.br\/wp-content\/uploads\/2025\/04\/Dimas-Santos-e-Beto-Felicio-2-1024x768.jpeg 1024w, https:\/\/mundodocarnaval.com.br\/wp-content\/uploads\/2025\/04\/Dimas-Santos-e-Beto-Felicio-2-300x225.jpeg 300w, https:\/\/mundodocarnaval.com.br\/wp-content\/uploads\/2025\/04\/Dimas-Santos-e-Beto-Felicio-2-768x576.jpeg 768w, https:\/\/mundodocarnaval.com.br\/wp-content\/uploads\/2025\/04\/Dimas-Santos-e-Beto-Felicio-2-1536x1152.jpeg 1536w, https:\/\/mundodocarnaval.com.br\/wp-content\/uploads\/2025\/04\/Dimas-Santos-e-Beto-Felicio-2-16x12.jpeg 16w, https:\/\/mundodocarnaval.com.br\/wp-content\/uploads\/2025\/04\/Dimas-Santos-e-Beto-Felicio-2.jpeg 1600w\" sizes=\"(max-width: 1024px) 100vw, 1024px\" \/><\/figure>\n<\/figure>\n","protected":false},"excerpt":{"rendered":"<p>Dimas Santos e Beto Felicio assumem Dire\u00e7\u00e3o de Carnaval da Unidos de Lucas A Unidos de Lucas segue se refor\u00e7ando para o carnaval de 2026. A escola anunciou uma dupla na dire\u00e7\u00e3o de carnaval para o pr\u00f3ximo desfile. Dimas Santos e Beto Felicio assumem a fun\u00e7\u00e3o no Galo de ouro da Leopoldina rumo ao campeonato [&hellip;]<\/p>\n","protected":false},"author":1,"featured_media":1981,"comment_status":"closed","ping_status":"open","sticky":false,"template":"","format":"standard","meta":{"footnotes":""},"categories":[14],"tags":[151,155,153,154,159,152],"class_list":["post-1980","post","type-post","status-publish","format-standard","has-post-thumbnail","hentry","category-gadgets","tag-carnaval","tag-intendente-magalhaes","tag-mundo-do-carnaval","tag-rio-de-janeiro","tag-samba","tag-sapucai"],"_links":{"self":[{"href":"https:\/\/mundodocarnaval.com.br\/pt_br\/wp-json\/wp\/v2\/posts\/1980","targetHints":{"allow":["GET"]}}],"collection":[{"href":"https:\/\/mundodocarnaval.com.br\/pt_br\/wp-json\/wp\/v2\/posts"}],"about":[{"href":"https:\/\/mundodocarnaval.com.br\/pt_br\/wp-json\/wp\/v2\/types\/post"}],"author":[{"embeddable":true,"href":"https:\/\/mundodocarnaval.com.br\/pt_br\/wp-json\/wp\/v2\/users\/1"}],"replies":[{"embeddable":true,"href":"https:\/\/mundodocarnaval.com.br\/pt_br\/wp-json\/wp\/v2\/comments?post=1980"}],"version-history":[{"count":1,"href":"https:\/\/mundodocarnaval.com.br\/pt_br\/wp-json\/wp\/v2\/posts\/1980\/revisions"}],"predecessor-version":[{"id":1983,"href":"https:\/\/mundodocarnaval.com.br\/pt_br\/wp-json\/wp\/v2\/posts\/1980\/revisions\/1983"}],"wp:featuredmedia":[{"embeddable":true,"href":"https:\/\/mundodocarnaval.com.br\/pt_br\/wp-json\/wp\/v2\/media\/1981"}],"wp:attachment":[{"href":"https:\/\/mundodocarnaval.com.br\/pt_br\/wp-json\/wp\/v2\/media?parent=1980"}],"wp:term":[{"taxonomy":"category","embeddable":true,"href":"https:\/\/mundodocarnaval.com.br\/pt_br\/wp-json\/wp\/v2\/categories?post=1980"},{"taxonomy":"post_tag","embeddable":true,"href":"https:\/\/mundodocarnaval.com.br\/pt_br\/wp-json\/wp\/v2\/tags?post=1980"}],"curies":[{"name":"wp","href":"https:\/\/api.w.org\/{rel}","templated":true}]}}