{"id":1984,"date":"2025-04-01T20:15:00","date_gmt":"2025-04-01T20:15:00","guid":{"rendered":"https:\/\/mundodocarnaval.com.br\/?p=1984"},"modified":"2025-04-04T16:31:54","modified_gmt":"2025-04-04T19:31:54","slug":"mestre-marfim-reassume-a-bateria-ritmo-alvinegro-na-botafogo-samba-clube-para-2026","status":"publish","type":"post","link":"https:\/\/mundodocarnaval.com.br\/pt_br\/mestre-marfim-reassume-a-bateria-ritmo-alvinegro-na-botafogo-samba-clube-para-2026\/","title":{"rendered":"Mestre Marfim reassume a bateria Ritmo Alvinegro na Botafogo Samba Clube para 2026"},"content":{"rendered":"\n<p><strong>Mestre Marfim reassume a bateria Ritmo Alvinegro na Botafogo Samba Clube para 2026<\/strong><\/p>\n\n\n\n<p>A bateria da Botafogo Samba Clube j\u00e1 tem um novo comandante. Mestre Marfim retorna \u00e0 agremia\u00e7\u00e3o para comandar a Ritmo Alvinegro ap\u00f3s uma breve passagem no carnaval de 2020, onde alcan\u00e7ou os 40 pontos. Nos dois \u00faltimos anos esteve \u00e0 frente da bateria da S\u00e3o Clemente, na Marqu\u00eas de Sapuca\u00ed, tamb\u00e9m gabaritando o quesito.<\/p>\n\n\n\n<p>&#8211; Ap\u00f3s seis anos afastado e dedica\u00e7\u00e3o a outros projetos, retorno a Botafogo Samba Clube sentindo uma felicidade imensa. Lembran\u00e7as de tempos de conquistas e da energia contagiante da comunidade. Estou certo que a Bateria Ritmo Alvinegro vai pulsar com a mesma for\u00e7a e vibra\u00e7\u00e3o de anos atr\u00e1s. Muito feliz em retornar pra escola que me deu a 1\u00aa oportunidade de ser Mestre de Bateria no carnaval. \u2013 Revelou o Mestre.<\/p>\n\n\n\n<p>Mestre Marfim \u00e9 o primeiro nome confirmado na equipe da agremia\u00e7\u00e3o alvinegra para o carnaval de 2026. A escola ficou na 11\u00aa classifica\u00e7\u00e3o, permanecendo na S\u00e9rie Ouro em sua estreia na Marqu\u00eas de Sapuca\u00ed.<br><br><br>Fotos: S1 Fotografia \/ Divulga\u00e7\u00e3o Gardel Assessoria&nbsp;<\/p>\n\n\n\n<figure class=\"wp-block-gallery has-nested-images columns-default is-cropped wp-block-gallery-1 is-layout-flex wp-block-gallery-is-layout-flex\">\n<figure class=\"wp-block-image size-large\"><img fetchpriority=\"high\" decoding=\"async\" width=\"400\" height=\"500\" data-id=\"1986\" src=\"https:\/\/mundodocarnaval.com.br\/wp-content\/uploads\/2025\/04\/1001497389.jpg\" alt=\"\" class=\"wp-image-1986\" srcset=\"https:\/\/mundodocarnaval.com.br\/wp-content\/uploads\/2025\/04\/1001497389.jpg 400w, https:\/\/mundodocarnaval.com.br\/wp-content\/uploads\/2025\/04\/1001497389-240x300.jpg 240w, https:\/\/mundodocarnaval.com.br\/wp-content\/uploads\/2025\/04\/1001497389-10x12.jpg 10w\" sizes=\"(max-width: 400px) 100vw, 400px\" \/><\/figure>\n\n\n\n<figure class=\"wp-block-image size-large\"><img decoding=\"async\" width=\"333\" height=\"500\" data-id=\"1987\" src=\"https:\/\/mundodocarnaval.com.br\/wp-content\/uploads\/2025\/04\/DM7_2053.jpg\" alt=\"\" class=\"wp-image-1987\" srcset=\"https:\/\/mundodocarnaval.com.br\/wp-content\/uploads\/2025\/04\/DM7_2053.jpg 333w, https:\/\/mundodocarnaval.com.br\/wp-content\/uploads\/2025\/04\/DM7_2053-200x300.jpg 200w, https:\/\/mundodocarnaval.com.br\/wp-content\/uploads\/2025\/04\/DM7_2053-8x12.jpg 8w\" sizes=\"(max-width: 333px) 100vw, 333px\" \/><\/figure>\n<\/figure>\n","protected":false},"excerpt":{"rendered":"<p>Mestre Marfim reassume a bateria Ritmo Alvinegro na Botafogo Samba Clube para 2026 A bateria da Botafogo Samba Clube j\u00e1 tem um novo comandante. Mestre Marfim retorna \u00e0 agremia\u00e7\u00e3o para comandar a Ritmo Alvinegro ap\u00f3s uma breve passagem no carnaval de 2020, onde alcan\u00e7ou os 40 pontos. Nos dois \u00faltimos anos esteve \u00e0 frente da [&hellip;]<\/p>\n","protected":false},"author":1,"featured_media":1985,"comment_status":"closed","ping_status":"open","sticky":false,"template":"","format":"standard","meta":{"footnotes":""},"categories":[13],"tags":[151,155,153,154,159,152],"class_list":["post-1984","post","type-post","status-publish","format-standard","has-post-thumbnail","hentry","category-fashion","tag-carnaval","tag-intendente-magalhaes","tag-mundo-do-carnaval","tag-rio-de-janeiro","tag-samba","tag-sapucai"],"_links":{"self":[{"href":"https:\/\/mundodocarnaval.com.br\/pt_br\/wp-json\/wp\/v2\/posts\/1984","targetHints":{"allow":["GET"]}}],"collection":[{"href":"https:\/\/mundodocarnaval.com.br\/pt_br\/wp-json\/wp\/v2\/posts"}],"about":[{"href":"https:\/\/mundodocarnaval.com.br\/pt_br\/wp-json\/wp\/v2\/types\/post"}],"author":[{"embeddable":true,"href":"https:\/\/mundodocarnaval.com.br\/pt_br\/wp-json\/wp\/v2\/users\/1"}],"replies":[{"embeddable":true,"href":"https:\/\/mundodocarnaval.com.br\/pt_br\/wp-json\/wp\/v2\/comments?post=1984"}],"version-history":[{"count":1,"href":"https:\/\/mundodocarnaval.com.br\/pt_br\/wp-json\/wp\/v2\/posts\/1984\/revisions"}],"predecessor-version":[{"id":1988,"href":"https:\/\/mundodocarnaval.com.br\/pt_br\/wp-json\/wp\/v2\/posts\/1984\/revisions\/1988"}],"wp:featuredmedia":[{"embeddable":true,"href":"https:\/\/mundodocarnaval.com.br\/pt_br\/wp-json\/wp\/v2\/media\/1985"}],"wp:attachment":[{"href":"https:\/\/mundodocarnaval.com.br\/pt_br\/wp-json\/wp\/v2\/media?parent=1984"}],"wp:term":[{"taxonomy":"category","embeddable":true,"href":"https:\/\/mundodocarnaval.com.br\/pt_br\/wp-json\/wp\/v2\/categories?post=1984"},{"taxonomy":"post_tag","embeddable":true,"href":"https:\/\/mundodocarnaval.com.br\/pt_br\/wp-json\/wp\/v2\/tags?post=1984"}],"curies":[{"name":"wp","href":"https:\/\/api.w.org\/{rel}","templated":true}]}}