{"id":1993,"date":"2025-04-01T20:33:37","date_gmt":"2025-04-01T20:33:37","guid":{"rendered":"https:\/\/mundodocarnaval.com.br\/?p=1993"},"modified":"2025-04-04T16:31:54","modified_gmt":"2025-04-04T19:31:54","slug":"liga-rj-define-formato-do-sorteio-da-ordem-dos-desfiles-da-serie-ouro-2026","status":"publish","type":"post","link":"https:\/\/mundodocarnaval.com.br\/pt_br\/liga-rj-define-formato-do-sorteio-da-ordem-dos-desfiles-da-serie-ouro-2026\/","title":{"rendered":"Liga RJ define formato do sorteio da ordem dos desfiles da S\u00e9rie Ouro 2026"},"content":{"rendered":"\n<p><strong>Liga RJ define formato do sorteio da ordem dos desfiles da S\u00e9rie Ouro 2026<\/strong><em>Ainda sem data definida, evento ser\u00e1 realizado no m\u00eas de abril<\/em><strong><br><\/strong><em><\/em><\/p>\n\n\n\n<p>Nesta sexta-feira (28), a Liga RJ divulgou os detalhes do sorteio que definir\u00e1 a ordem dos desfiles da S\u00e9rie Ouro no Carnaval 2026, marcado para os dias 13 e 14 de fevereiro, na Marqu\u00eas de Sapuca\u00ed. O evento ocorrer\u00e1 em abril, com data e local a serem anunciados em breve, reunindo representantes das agremia\u00e7\u00f5es para um momento decisivo na organiza\u00e7\u00e3o do maior espet\u00e1culo da Terra.<\/p>\n\n\n\n<p>Seguindo o regulamento, algumas defini\u00e7\u00f5es j\u00e1 est\u00e3o estabelecidas. Campe\u00e3 da S\u00e9rie Prata, a Unidos do Jacarezinho ser\u00e1 a primeira escola a desfilar na sexta-feira, enquanto a Botafogo Samba Clube, 11\u00aa colocada da S\u00e9rie Ouro 2025, abrir\u00e1 os desfiles no s\u00e1bado.<\/p>\n\n\n\n<p>A Inocentes de Belford Roxo e a Em Cima da Hora, de acordo com o regulamento do \u00faltimo carnaval, ser\u00e3o as segundas escolas a entrar na Sapuca\u00ed na sexta e no s\u00e1bado, respectivamente. Por outro lado, a Est\u00e1cio de S\u00e1, vice-campe\u00e3 deste ano, participar\u00e1 do sorteio para definir em qual dia desfilar\u00e1, podendo escolher sua posi\u00e7\u00e3o na ordem dos desfiles.<\/p>\n\n\n\n<p><strong>Pares do sorteio:<\/strong><\/p>\n\n\n\n<p>Est\u00e1cio de S\u00e1 x Unidos de Padre MiguelPorto da Pedra x Uni\u00e3o da IlhaUni\u00e3o de Maric\u00e1 x Vig\u00e1rio GeralArranco do Engenho de Dentro x Uni\u00e3o do Parque Acari<br><br><\/p>\n\n\n\n<p><strong>Sorteio excepcional<\/strong><\/p>\n\n\n\n<p>As tr\u00eas escolas que n\u00e3o foram julgadas no Carnaval 2025, Imp\u00e9rio Serrano, Unidos de Bangu e Unidos da Ponte, disputar\u00e3o um sorteio \u00e0 parte. Nele, uma vaga ser\u00e1 para sexta-feira e outras duas ser\u00e3o para s\u00e1bado.<\/p>\n\n\n\n<p><strong>Fotos: S1 Comunica\u00e7\u00e3o\/Liga RJ<\/strong><\/p>\n\n\n\n<figure class=\"wp-block-gallery has-nested-images columns-default is-cropped wp-block-gallery-1 is-layout-flex wp-block-gallery-is-layout-flex\">\n<figure class=\"wp-block-image size-large\"><img fetchpriority=\"high\" decoding=\"async\" width=\"500\" height=\"333\" data-id=\"1995\" src=\"https:\/\/mundodocarnaval.com.br\/wp-content\/uploads\/2025\/04\/FAU25423.jpg\" alt=\"\" class=\"wp-image-1995\" srcset=\"https:\/\/mundodocarnaval.com.br\/wp-content\/uploads\/2025\/04\/FAU25423.jpg 500w, https:\/\/mundodocarnaval.com.br\/wp-content\/uploads\/2025\/04\/FAU25423-300x200.jpg 300w, https:\/\/mundodocarnaval.com.br\/wp-content\/uploads\/2025\/04\/FAU25423-18x12.jpg 18w\" sizes=\"(max-width: 500px) 100vw, 500px\" \/><\/figure>\n<\/figure>\n","protected":false},"excerpt":{"rendered":"<p>Liga RJ define formato do sorteio da ordem dos desfiles da S\u00e9rie Ouro 2026Ainda sem data definida, evento ser\u00e1 realizado no m\u00eas de abril Nesta sexta-feira (28), a Liga RJ divulgou os detalhes do sorteio que definir\u00e1 a ordem dos desfiles da S\u00e9rie Ouro no Carnaval 2026, marcado para os dias 13 e 14 de [&hellip;]<\/p>\n","protected":false},"author":1,"featured_media":1994,"comment_status":"closed","ping_status":"open","sticky":false,"template":"","format":"standard","meta":{"footnotes":""},"categories":[11],"tags":[151,155,153,154,159,152],"class_list":["post-1993","post","type-post","status-publish","format-standard","has-post-thumbnail","hentry","category-noticias","tag-carnaval","tag-intendente-magalhaes","tag-mundo-do-carnaval","tag-rio-de-janeiro","tag-samba","tag-sapucai"],"_links":{"self":[{"href":"https:\/\/mundodocarnaval.com.br\/pt_br\/wp-json\/wp\/v2\/posts\/1993","targetHints":{"allow":["GET"]}}],"collection":[{"href":"https:\/\/mundodocarnaval.com.br\/pt_br\/wp-json\/wp\/v2\/posts"}],"about":[{"href":"https:\/\/mundodocarnaval.com.br\/pt_br\/wp-json\/wp\/v2\/types\/post"}],"author":[{"embeddable":true,"href":"https:\/\/mundodocarnaval.com.br\/pt_br\/wp-json\/wp\/v2\/users\/1"}],"replies":[{"embeddable":true,"href":"https:\/\/mundodocarnaval.com.br\/pt_br\/wp-json\/wp\/v2\/comments?post=1993"}],"version-history":[{"count":1,"href":"https:\/\/mundodocarnaval.com.br\/pt_br\/wp-json\/wp\/v2\/posts\/1993\/revisions"}],"predecessor-version":[{"id":1996,"href":"https:\/\/mundodocarnaval.com.br\/pt_br\/wp-json\/wp\/v2\/posts\/1993\/revisions\/1996"}],"wp:featuredmedia":[{"embeddable":true,"href":"https:\/\/mundodocarnaval.com.br\/pt_br\/wp-json\/wp\/v2\/media\/1994"}],"wp:attachment":[{"href":"https:\/\/mundodocarnaval.com.br\/pt_br\/wp-json\/wp\/v2\/media?parent=1993"}],"wp:term":[{"taxonomy":"category","embeddable":true,"href":"https:\/\/mundodocarnaval.com.br\/pt_br\/wp-json\/wp\/v2\/categories?post=1993"},{"taxonomy":"post_tag","embeddable":true,"href":"https:\/\/mundodocarnaval.com.br\/pt_br\/wp-json\/wp\/v2\/tags?post=1993"}],"curies":[{"name":"wp","href":"https:\/\/api.w.org\/{rel}","templated":true}]}}