{"id":1997,"date":"2025-04-01T23:51:32","date_gmt":"2025-04-01T23:51:32","guid":{"rendered":"https:\/\/mundodocarnaval.com.br\/?p=1997"},"modified":"2025-04-04T16:31:54","modified_gmt":"2025-04-04T19:31:54","slug":"unidos-da-tijuca-dispensa-segunda-casal-de-mestre-sala-e-porta-bandeira","status":"publish","type":"post","link":"https:\/\/mundodocarnaval.com.br\/pt_br\/unidos-da-tijuca-dispensa-segunda-casal-de-mestre-sala-e-porta-bandeira\/","title":{"rendered":"Unidos da Tijuca dispensa segunda casal de mestre-sala e porta-bandeira"},"content":{"rendered":"\n<p><strong>Unidos da Tijuca dispensa segundo casal de mestre-sala e porta-bandeira<\/strong><\/p>\n\n\n\n<p><em>Diego Jenkins e Thain\u00e1 Teixeira n\u00e3o far\u00e3o parte do pr\u00f3ximo carnaval da agremia\u00e7\u00e3o<\/em><\/p>\n\n\n\n<p>A Unidos da Tijuca para o Carnaval 2026 n\u00e3o contar\u00e1 com o segundo casal de mestre-sala e porta-bandeira, Diego Jenkins e Thain\u00e1 Teixeira na defesa do segundo pavilh\u00e3o tijucano.<\/p>\n\n\n\n<p>Rec\u00e9m chegado, Diego Jenkins estreou na Unidos da Tijuca no Carnaval 2025, j\u00e1 Thaina Teixeira defendia o segundo pavilh\u00e3o desde 2024, ambos apostas do presidente Fernando Horta aos novos talentos do carnaval.<\/p>\n\n\n\n<p>A Unidos da Tijuca agradece a dupla pela dedica\u00e7\u00e3o ao longo desse tempo e deseja que os profissionais trilhem novos caminhos de vit\u00f3ria no carnaval carioca.<\/p>\n\n\n\n<p>Fotos: Jullie Abreu<\/p>\n\n\n\n<figure class=\"wp-block-gallery has-nested-images columns-default is-cropped wp-block-gallery-1 is-layout-flex wp-block-gallery-is-layout-flex\">\n<figure class=\"wp-block-image size-large\"><img fetchpriority=\"high\" decoding=\"async\" width=\"500\" height=\"333\" data-id=\"1999\" src=\"https:\/\/mundodocarnaval.com.br\/wp-content\/uploads\/2025\/04\/Diego-Jenkins-e-Thaina-Teixeira.jpg\" alt=\"\" class=\"wp-image-1999\" srcset=\"https:\/\/mundodocarnaval.com.br\/wp-content\/uploads\/2025\/04\/Diego-Jenkins-e-Thaina-Teixeira.jpg 500w, https:\/\/mundodocarnaval.com.br\/wp-content\/uploads\/2025\/04\/Diego-Jenkins-e-Thaina-Teixeira-300x200.jpg 300w, https:\/\/mundodocarnaval.com.br\/wp-content\/uploads\/2025\/04\/Diego-Jenkins-e-Thaina-Teixeira-18x12.jpg 18w\" sizes=\"(max-width: 500px) 100vw, 500px\" \/><\/figure>\n<\/figure>\n","protected":false},"excerpt":{"rendered":"<p>Unidos da Tijuca dispensa segundo casal de mestre-sala e porta-bandeira Diego Jenkins e Thain\u00e1 Teixeira n\u00e3o far\u00e3o parte do pr\u00f3ximo carnaval da agremia\u00e7\u00e3o A Unidos da Tijuca para o Carnaval 2026 n\u00e3o contar\u00e1 com o segundo casal de mestre-sala e porta-bandeira, Diego Jenkins e Thain\u00e1 Teixeira na defesa do segundo pavilh\u00e3o tijucano. Rec\u00e9m chegado, Diego [&hellip;]<\/p>\n","protected":false},"author":1,"featured_media":1998,"comment_status":"closed","ping_status":"open","sticky":false,"template":"","format":"standard","meta":{"footnotes":""},"categories":[12],"tags":[151,155,153,154,159,152],"class_list":["post-1997","post","type-post","status-publish","format-standard","has-post-thumbnail","hentry","category-grupo-especial","tag-carnaval","tag-intendente-magalhaes","tag-mundo-do-carnaval","tag-rio-de-janeiro","tag-samba","tag-sapucai"],"_links":{"self":[{"href":"https:\/\/mundodocarnaval.com.br\/pt_br\/wp-json\/wp\/v2\/posts\/1997","targetHints":{"allow":["GET"]}}],"collection":[{"href":"https:\/\/mundodocarnaval.com.br\/pt_br\/wp-json\/wp\/v2\/posts"}],"about":[{"href":"https:\/\/mundodocarnaval.com.br\/pt_br\/wp-json\/wp\/v2\/types\/post"}],"author":[{"embeddable":true,"href":"https:\/\/mundodocarnaval.com.br\/pt_br\/wp-json\/wp\/v2\/users\/1"}],"replies":[{"embeddable":true,"href":"https:\/\/mundodocarnaval.com.br\/pt_br\/wp-json\/wp\/v2\/comments?post=1997"}],"version-history":[{"count":1,"href":"https:\/\/mundodocarnaval.com.br\/pt_br\/wp-json\/wp\/v2\/posts\/1997\/revisions"}],"predecessor-version":[{"id":2000,"href":"https:\/\/mundodocarnaval.com.br\/pt_br\/wp-json\/wp\/v2\/posts\/1997\/revisions\/2000"}],"wp:featuredmedia":[{"embeddable":true,"href":"https:\/\/mundodocarnaval.com.br\/pt_br\/wp-json\/wp\/v2\/media\/1998"}],"wp:attachment":[{"href":"https:\/\/mundodocarnaval.com.br\/pt_br\/wp-json\/wp\/v2\/media?parent=1997"}],"wp:term":[{"taxonomy":"category","embeddable":true,"href":"https:\/\/mundodocarnaval.com.br\/pt_br\/wp-json\/wp\/v2\/categories?post=1997"},{"taxonomy":"post_tag","embeddable":true,"href":"https:\/\/mundodocarnaval.com.br\/pt_br\/wp-json\/wp\/v2\/tags?post=1997"}],"curies":[{"name":"wp","href":"https:\/\/api.w.org\/{rel}","templated":true}]}}