{"id":2001,"date":"2025-04-01T23:59:54","date_gmt":"2025-04-01T23:59:54","guid":{"rendered":"https:\/\/mundodocarnaval.com.br\/?p=2001"},"modified":"2025-04-04T16:31:54","modified_gmt":"2025-04-04T19:31:54","slug":"unidos-da-tijuca-tera-dupla-de-diretores-de-carnaval-para-o-carnaval-2026","status":"publish","type":"post","link":"https:\/\/mundodocarnaval.com.br\/pt_br\/unidos-da-tijuca-tera-dupla-de-diretores-de-carnaval-para-o-carnaval-2026\/","title":{"rendered":"Unidos da Tijuca ter\u00e1 dupla de diretores de carnaval para o Carnaval 2026"},"content":{"rendered":"\n<p><strong>Unidos da Tijuca ter\u00e1 dupla de diretores de carnaval para o Carnaval 2026<\/strong><\/p>\n\n\n\n<p><em>Fernando Costa e Elisa Fernandes comandam o segmento<\/em><\/p>\n\n\n\n<p>Mudan\u00e7as na Unidos da Tijuca. A amarelo ouro e azul pav\u00e3o do Morro do Borel ter\u00e1 para o Carnaval 2026 &nbsp;uma dupla de diretores de carnaval. Fernando Costa e Elisa Fernandes trabalhar\u00e3o juntos rumo ao pr\u00f3ximo desfile.<\/p>\n\n\n\n<p>Descendente de portugueses, Fernando Costa est\u00e1 no samba desde os tempos de crian\u00e7a. Fascinado por instrumentos musicais, sobretudo os de percuss\u00e3o, em 1988, come\u00e7ou a frequentar, na companhia de amigos, os ensaios da Unidos da Tijuca. Em pouco tempo, passou a pertencer ativamente \u00e0 fam\u00edlia tijucana, quando, por tr\u00eas anos seguidos, desfilou na bateria, tocando caixa. Dali em diante, estreitou rela\u00e7\u00f5es com outros segmentos da escola, at\u00e9 que, em 2000, foi convidado pelo presidente Fernando Horta a fazer parte da harmonia da agremia\u00e7\u00e3o. Fernando Costa levou a s\u00e9rio a fun\u00e7\u00e3o que assumiria no carnaval carioca, sendo convidado, em 2006, a comandar a Harmonia do Salgueiro, fato que o fez encarar o trabalho no samba como profiss\u00e3o. De volta \u00e0 Unidos da Tijuca, comandou o Departamento de Harmonia, no Carnaval campe\u00e3o de 2010,no vice-campeonato de 2011 e no campeonato de 2012, consagrando-se campe\u00e3o como diretor de carnaval no Carnaval de 2014. A determina\u00e7\u00e3o e a dedica\u00e7\u00e3o s\u00e3o as principais marcas do seu trabalho em busca de mais um t\u00edtulo para escola de samba da comunidade do Borel.&nbsp;<\/p>\n\n\n\n<p>Elisa Fernandes \u00e9 jornalista, cantora, compositora e empres\u00e1ria do ramo da m\u00fasica. Com mais de 20 anos de experi\u00eancia no setor cultural, atuou como diretora de Carnaval da Uni\u00e3o de Jacarepagu\u00e1 na S\u00e9rie Prata do carnaval carioca. Com a escola, Elisa faturou relevantes pr\u00eamios, entre eles os de &#8220;Revela\u00e7\u00e3o&#8221; e &#8220;Melhor Diretora de Carnaval&#8221; no conceituado &#8220;Plumas &amp; Paet\u00eas&#8221;. Na \u00faltima d\u00e9cada, atuou na dire\u00e7\u00e3o de alegorias da Portela.<\/p>\n\n\n\n<p>&#8211; Estou me preparando h\u00e1 15 anos para esse momento, estudando, me dedicando e adquirindo cada vez mais experi\u00eancia no carnaval. H\u00e1 tr\u00eas anos, venho conversando com o presidente Fernando Horta, pois j\u00e1 me sentia pronta para assumir essa responsabilidade. Quero destacar e agradecer a confian\u00e7a do presidente, que sempre teve esse olhar atento pra novos talentos. Ele mant\u00e9m essa tradi\u00e7\u00e3o ao apostar em uma mulher para um setor historicamente comandado por homens. Sei do tamanho desse compromisso e estou pronta para contribuir para que a Unidos da Tijuca siga seu caminho de conquistas. Trabalhar com o Fernando Costa, amigo que j\u00e1 conhe\u00e7o h\u00e1 muitos carnavais, ir\u00e1 fortalecer ainda mais o trabalho \u2013 aponta a nova diretora.<\/p>\n\n\n\n<p>A Unidos da Tijuca se reestrutura internamente para o Carnaval 2026 com o objetivo de melhores notas, almejando o campeonato do Grupo Especial do carnaval carioca.<\/p>\n\n\n\n<p>Fotos: Geissa Evarista<\/p>\n\n\n\n<figure class=\"wp-block-gallery has-nested-images columns-default is-cropped wp-block-gallery-1 is-layout-flex wp-block-gallery-is-layout-flex\"><\/figure>\n\n\n\n<figure class=\"wp-block-gallery has-nested-images columns-default is-cropped wp-block-gallery-2 is-layout-flex wp-block-gallery-is-layout-flex\">\n<figure class=\"wp-block-image size-large\"><img fetchpriority=\"high\" decoding=\"async\" width=\"375\" height=\"500\" data-id=\"2003\" src=\"https:\/\/mundodocarnaval.com.br\/wp-content\/uploads\/2025\/04\/Fernando-Costa-e-Elisa-Fernandes.jpeg\" alt=\"\" class=\"wp-image-2003\" srcset=\"https:\/\/mundodocarnaval.com.br\/wp-content\/uploads\/2025\/04\/Fernando-Costa-e-Elisa-Fernandes.jpeg 375w, https:\/\/mundodocarnaval.com.br\/wp-content\/uploads\/2025\/04\/Fernando-Costa-e-Elisa-Fernandes-225x300.jpeg 225w, https:\/\/mundodocarnaval.com.br\/wp-content\/uploads\/2025\/04\/Fernando-Costa-e-Elisa-Fernandes-9x12.jpeg 9w\" sizes=\"(max-width: 375px) 100vw, 375px\" \/><\/figure>\n\n\n\n<figure class=\"wp-block-image size-large\"><img decoding=\"async\" width=\"500\" height=\"375\" data-id=\"2004\" src=\"https:\/\/mundodocarnaval.com.br\/wp-content\/uploads\/2025\/04\/Fernando-Costa-Fernando-Horta-e-Elisa-Ferandes.jpeg\" alt=\"\" class=\"wp-image-2004\" srcset=\"https:\/\/mundodocarnaval.com.br\/wp-content\/uploads\/2025\/04\/Fernando-Costa-Fernando-Horta-e-Elisa-Ferandes.jpeg 500w, https:\/\/mundodocarnaval.com.br\/wp-content\/uploads\/2025\/04\/Fernando-Costa-Fernando-Horta-e-Elisa-Ferandes-300x225.jpeg 300w, https:\/\/mundodocarnaval.com.br\/wp-content\/uploads\/2025\/04\/Fernando-Costa-Fernando-Horta-e-Elisa-Ferandes-16x12.jpeg 16w\" sizes=\"(max-width: 500px) 100vw, 500px\" \/><\/figure>\n<\/figure>\n","protected":false},"excerpt":{"rendered":"<p>Unidos da Tijuca ter\u00e1 dupla de diretores de carnaval para o Carnaval 2026 Fernando Costa e Elisa Fernandes comandam o segmento Mudan\u00e7as na Unidos da Tijuca. A amarelo ouro e azul pav\u00e3o do Morro do Borel ter\u00e1 para o Carnaval 2026 &nbsp;uma dupla de diretores de carnaval. Fernando Costa e Elisa Fernandes trabalhar\u00e3o juntos rumo [&hellip;]<\/p>\n","protected":false},"author":1,"featured_media":2002,"comment_status":"closed","ping_status":"open","sticky":false,"template":"","format":"standard","meta":{"footnotes":""},"categories":[12],"tags":[151,155,153,154,159,152],"class_list":["post-2001","post","type-post","status-publish","format-standard","has-post-thumbnail","hentry","category-grupo-especial","tag-carnaval","tag-intendente-magalhaes","tag-mundo-do-carnaval","tag-rio-de-janeiro","tag-samba","tag-sapucai"],"_links":{"self":[{"href":"https:\/\/mundodocarnaval.com.br\/pt_br\/wp-json\/wp\/v2\/posts\/2001","targetHints":{"allow":["GET"]}}],"collection":[{"href":"https:\/\/mundodocarnaval.com.br\/pt_br\/wp-json\/wp\/v2\/posts"}],"about":[{"href":"https:\/\/mundodocarnaval.com.br\/pt_br\/wp-json\/wp\/v2\/types\/post"}],"author":[{"embeddable":true,"href":"https:\/\/mundodocarnaval.com.br\/pt_br\/wp-json\/wp\/v2\/users\/1"}],"replies":[{"embeddable":true,"href":"https:\/\/mundodocarnaval.com.br\/pt_br\/wp-json\/wp\/v2\/comments?post=2001"}],"version-history":[{"count":1,"href":"https:\/\/mundodocarnaval.com.br\/pt_br\/wp-json\/wp\/v2\/posts\/2001\/revisions"}],"predecessor-version":[{"id":2005,"href":"https:\/\/mundodocarnaval.com.br\/pt_br\/wp-json\/wp\/v2\/posts\/2001\/revisions\/2005"}],"wp:featuredmedia":[{"embeddable":true,"href":"https:\/\/mundodocarnaval.com.br\/pt_br\/wp-json\/wp\/v2\/media\/2002"}],"wp:attachment":[{"href":"https:\/\/mundodocarnaval.com.br\/pt_br\/wp-json\/wp\/v2\/media?parent=2001"}],"wp:term":[{"taxonomy":"category","embeddable":true,"href":"https:\/\/mundodocarnaval.com.br\/pt_br\/wp-json\/wp\/v2\/categories?post=2001"},{"taxonomy":"post_tag","embeddable":true,"href":"https:\/\/mundodocarnaval.com.br\/pt_br\/wp-json\/wp\/v2\/tags?post=2001"}],"curies":[{"name":"wp","href":"https:\/\/api.w.org\/{rel}","templated":true}]}}