{"id":2006,"date":"2025-04-02T00:05:47","date_gmt":"2025-04-02T00:05:47","guid":{"rendered":"https:\/\/mundodocarnaval.com.br\/?p=2006"},"modified":"2025-04-04T16:31:54","modified_gmt":"2025-04-04T19:31:54","slug":"cicero-costa-segue-como-diretor-de-carnaval-da-unidos-de-padre-miguel-para-2026","status":"publish","type":"post","link":"https:\/\/mundodocarnaval.com.br\/pt_br\/cicero-costa-segue-como-diretor-de-carnaval-da-unidos-de-padre-miguel-para-2026\/","title":{"rendered":"C\u00edcero Costa segue como Diretor de Carnaval da Unidos de Padre Miguel para 2026"},"content":{"rendered":"\n<p><strong>C\u00edcero Costa segue como Diretor de Carnaval da Unidos de Padre Miguel para 2026<\/strong>A Unidos de Padre Miguel reafirma seu compromisso com a excel\u00eancia e anuncia a renova\u00e7\u00e3o de C\u00edcero Costa como Diretor de Carnaval para o desfile de 2026. Profundo conhecedor dos bastidores do espet\u00e1culo, C\u00edcero seguir\u00e1 \u00e0 frente da organiza\u00e7\u00e3o e execu\u00e7\u00e3o do projeto que a escola levar\u00e1 para a Marqu\u00eas de Sapuca\u00ed, garantindo que cada detalhe contribua para um desfile marcante.Com uma trajet\u00f3ria consolidada no carnaval carioca, C\u00edcero Costa \u00e9 pe\u00e7a fundamental na engrenagem do Boi Vermelho. Sua lideran\u00e7a tem sido essencial para a constru\u00e7\u00e3o dos \u00faltimos carnavais da escola, sempre buscando inova\u00e7\u00e3o, grandiosidade e emo\u00e7\u00e3o na avenida.A renova\u00e7\u00e3o refor\u00e7a a confian\u00e7a da agremia\u00e7\u00e3o em seu trabalho e alimenta ainda mais as expectativas para 2026. A Unidos de Padre Miguel segue unida, determinada e pronta para brilhar mais uma vez na Sapuca\u00ed!<\/p>\n\n\n\n<p>Foto: Diego Mendes-<\/p>\n","protected":false},"excerpt":{"rendered":"<p>C\u00edcero Costa segue como Diretor de Carnaval da Unidos de Padre Miguel para 2026A Unidos de Padre Miguel reafirma seu compromisso com a excel\u00eancia e anuncia a renova\u00e7\u00e3o de C\u00edcero Costa como Diretor de Carnaval para o desfile de 2026. Profundo conhecedor dos bastidores do espet\u00e1culo, C\u00edcero seguir\u00e1 \u00e0 frente da organiza\u00e7\u00e3o e execu\u00e7\u00e3o do [&hellip;]<\/p>\n","protected":false},"author":1,"featured_media":2007,"comment_status":"closed","ping_status":"open","sticky":false,"template":"","format":"standard","meta":{"footnotes":""},"categories":[13],"tags":[151,155,153,154,159,152],"class_list":["post-2006","post","type-post","status-publish","format-standard","has-post-thumbnail","hentry","category-fashion","tag-carnaval","tag-intendente-magalhaes","tag-mundo-do-carnaval","tag-rio-de-janeiro","tag-samba","tag-sapucai"],"_links":{"self":[{"href":"https:\/\/mundodocarnaval.com.br\/pt_br\/wp-json\/wp\/v2\/posts\/2006","targetHints":{"allow":["GET"]}}],"collection":[{"href":"https:\/\/mundodocarnaval.com.br\/pt_br\/wp-json\/wp\/v2\/posts"}],"about":[{"href":"https:\/\/mundodocarnaval.com.br\/pt_br\/wp-json\/wp\/v2\/types\/post"}],"author":[{"embeddable":true,"href":"https:\/\/mundodocarnaval.com.br\/pt_br\/wp-json\/wp\/v2\/users\/1"}],"replies":[{"embeddable":true,"href":"https:\/\/mundodocarnaval.com.br\/pt_br\/wp-json\/wp\/v2\/comments?post=2006"}],"version-history":[{"count":1,"href":"https:\/\/mundodocarnaval.com.br\/pt_br\/wp-json\/wp\/v2\/posts\/2006\/revisions"}],"predecessor-version":[{"id":2008,"href":"https:\/\/mundodocarnaval.com.br\/pt_br\/wp-json\/wp\/v2\/posts\/2006\/revisions\/2008"}],"wp:featuredmedia":[{"embeddable":true,"href":"https:\/\/mundodocarnaval.com.br\/pt_br\/wp-json\/wp\/v2\/media\/2007"}],"wp:attachment":[{"href":"https:\/\/mundodocarnaval.com.br\/pt_br\/wp-json\/wp\/v2\/media?parent=2006"}],"wp:term":[{"taxonomy":"category","embeddable":true,"href":"https:\/\/mundodocarnaval.com.br\/pt_br\/wp-json\/wp\/v2\/categories?post=2006"},{"taxonomy":"post_tag","embeddable":true,"href":"https:\/\/mundodocarnaval.com.br\/pt_br\/wp-json\/wp\/v2\/tags?post=2006"}],"curies":[{"name":"wp","href":"https:\/\/api.w.org\/{rel}","templated":true}]}}