{"id":2009,"date":"2025-04-02T00:36:33","date_gmt":"2025-04-02T00:36:33","guid":{"rendered":"https:\/\/mundodocarnaval.com.br\/?p=2009"},"modified":"2025-04-04T16:31:54","modified_gmt":"2025-04-04T19:31:54","slug":"lara-mara-e-a-nova-presidente-da-unidos-de-padre-miguel","status":"publish","type":"post","link":"https:\/\/mundodocarnaval.com.br\/pt_br\/lara-mara-e-a-nova-presidente-da-unidos-de-padre-miguel\/","title":{"rendered":"Lara Mara \u00e9 a nova Presidente da Unidos de Padre Miguel"},"content":{"rendered":"\n<p><strong>Lara Mara \u00e9 a nova Presidente da&nbsp;&nbsp;Unidos de Padre Miguel&nbsp;<\/strong><\/p>\n\n\n\n<p>A Unidos de Padre Miguel inicia um novo ciclo em sua trajet\u00f3ria com a elei\u00e7\u00e3o de&nbsp;<strong>Lara Mara<\/strong>&nbsp;como presidente administrativa da escola. Aclamada durante assembleia geral&nbsp;realizada na quadra da escola na tarde desta segunda (31), Lara assumir\u00e1 a lideran\u00e7a da Vermelha e Branca da Vila Vint\u00e9m pelos pr\u00f3ximos quatro anos. Nos \u00faltimos dois carnavais, ela atuou como diretora de carnaval, sendo pe\u00e7a-chave no desenvolvimento da agremia\u00e7\u00e3o.<\/p>\n\n\n\n<p>Com apenas&nbsp;<strong>20 anos<\/strong>, Lara Mara entra para a hist\u00f3ria do Carnaval Carioca como a&nbsp;<strong>presidente mais jovem da atualidade<\/strong>, marcando um novo cap\u00edtulo na gest\u00e3o da escola.<\/p>\n\n\n\n<p><strong>&#8220;\u00c9 uma honra imensa assumir a presid\u00eancia da minha escola do cora\u00e7\u00e3o. A Unidos de Padre Miguel faz parte da minha vida, e darei o meu melhor para que sigamos crescendo e conquistando nosso espa\u00e7o no carnaval. O trabalho continua com ainda mais dedica\u00e7\u00e3o e amor&#8221;,<\/strong>&nbsp;declarou a nova presidente.<\/p>\n\n\n\n<p>A gest\u00e3o contar\u00e1 com a perman\u00eancia de Willie Baracho como vice-presidente, garantindo continuidade e solidez ao projeto da UPM. J\u00e1 Lenilson Leal, que esteve \u00e0 frente da presid\u00eancia nos \u00faltimos anos, assumir\u00e1 a dire\u00e7\u00e3o financeira da escola.<\/p>\n\n\n\n<p>Foto: Divulga\u00e7\u00e3o-<\/p>\n","protected":false},"excerpt":{"rendered":"<p>Lara Mara \u00e9 a nova Presidente da&nbsp;&nbsp;Unidos de Padre Miguel&nbsp; A Unidos de Padre Miguel inicia um novo ciclo em sua trajet\u00f3ria com a elei\u00e7\u00e3o de&nbsp;Lara Mara&nbsp;como presidente administrativa da escola. Aclamada durante assembleia geral&nbsp;realizada na quadra da escola na tarde desta segunda (31), Lara assumir\u00e1 a lideran\u00e7a da Vermelha e Branca da Vila Vint\u00e9m [&hellip;]<\/p>\n","protected":false},"author":1,"featured_media":2010,"comment_status":"closed","ping_status":"open","sticky":false,"template":"","format":"standard","meta":{"footnotes":""},"categories":[13],"tags":[151,155,153,154,159,152],"class_list":["post-2009","post","type-post","status-publish","format-standard","has-post-thumbnail","hentry","category-fashion","tag-carnaval","tag-intendente-magalhaes","tag-mundo-do-carnaval","tag-rio-de-janeiro","tag-samba","tag-sapucai"],"_links":{"self":[{"href":"https:\/\/mundodocarnaval.com.br\/pt_br\/wp-json\/wp\/v2\/posts\/2009","targetHints":{"allow":["GET"]}}],"collection":[{"href":"https:\/\/mundodocarnaval.com.br\/pt_br\/wp-json\/wp\/v2\/posts"}],"about":[{"href":"https:\/\/mundodocarnaval.com.br\/pt_br\/wp-json\/wp\/v2\/types\/post"}],"author":[{"embeddable":true,"href":"https:\/\/mundodocarnaval.com.br\/pt_br\/wp-json\/wp\/v2\/users\/1"}],"replies":[{"embeddable":true,"href":"https:\/\/mundodocarnaval.com.br\/pt_br\/wp-json\/wp\/v2\/comments?post=2009"}],"version-history":[{"count":1,"href":"https:\/\/mundodocarnaval.com.br\/pt_br\/wp-json\/wp\/v2\/posts\/2009\/revisions"}],"predecessor-version":[{"id":2011,"href":"https:\/\/mundodocarnaval.com.br\/pt_br\/wp-json\/wp\/v2\/posts\/2009\/revisions\/2011"}],"wp:featuredmedia":[{"embeddable":true,"href":"https:\/\/mundodocarnaval.com.br\/pt_br\/wp-json\/wp\/v2\/media\/2010"}],"wp:attachment":[{"href":"https:\/\/mundodocarnaval.com.br\/pt_br\/wp-json\/wp\/v2\/media?parent=2009"}],"wp:term":[{"taxonomy":"category","embeddable":true,"href":"https:\/\/mundodocarnaval.com.br\/pt_br\/wp-json\/wp\/v2\/categories?post=2009"},{"taxonomy":"post_tag","embeddable":true,"href":"https:\/\/mundodocarnaval.com.br\/pt_br\/wp-json\/wp\/v2\/tags?post=2009"}],"curies":[{"name":"wp","href":"https:\/\/api.w.org\/{rel}","templated":true}]}}