{"id":2012,"date":"2025-04-02T00:47:04","date_gmt":"2025-04-02T00:47:04","guid":{"rendered":"https:\/\/mundodocarnaval.com.br\/?p=2012"},"modified":"2025-04-04T16:31:54","modified_gmt":"2025-04-04T19:31:54","slug":"marlon-cruz-e-handerson-big-comandarao-a-comissao-de-frente-da-academicos-de-niteroi-em-2026","status":"publish","type":"post","link":"https:\/\/mundodocarnaval.com.br\/pt_br\/marlon-cruz-e-handerson-big-comandarao-a-comissao-de-frente-da-academicos-de-niteroi-em-2026\/","title":{"rendered":"Marlon Cruz e Handerson Big comandar\u00e3o a comiss\u00e3o de frente da Acad\u00eamicos de Niter\u00f3i em 2026"},"content":{"rendered":"\n<p><strong>Marlon Cruz e Handerson Big comandar\u00e3o a comiss\u00e3o de frente da Acad\u00eamicos de Niter\u00f3i em 2026<\/strong><\/p>\n\n\n\n<p>A Acad\u00eamicos de Niter\u00f3i anunciou mais um grande refor\u00e7o para o seu time de estreia no Grupo Especial. A azul e branca da cidade sorriso apostar\u00e1 no talento de Marlon Cruz e Handerson Big para comandar a comiss\u00e3o de frente da agremia\u00e7\u00e3o em 2026. Experientes na folia com uma grande trajet\u00f3ria, ambos chegam em busca dos 40 pontos no quesito de abertura do desfile.<\/p>\n\n\n\n<p>Core\u00f3grafo da comiss\u00e3o de frente do Imp\u00e9rio Serrano nos carnavais de 2024 e 2025, Marlon Cruz chega na Acad\u00eamicos de Niter\u00f3i com todo g\u00e1s nesta parceria com Handerson para o desfile de estreia da agremia\u00e7\u00e3o no Grupo Especial.<\/p>\n\n\n\n<p>&#8211; Assumir o papel de core\u00f3grafo da comiss\u00e3o de frente da Niter\u00f3i ao lado de Handerson Big \u00e9, sem d\u00favida, um marco poderoso para o carnaval 2026! Estamos prontos para trazer energia e uma vis\u00e3o audaciosa que refletem n\u00e3o apenas a nossa paix\u00e3o pela dan\u00e7a, mas tamb\u00e9m a rica heran\u00e7a cultural que representamos. \u2013 revela Marlon.<\/p>\n\n\n\n<p>Com passagens por escolas como Uni\u00e3o da Ilha, Est\u00e1cio de S\u00e1, Imp\u00e9rio Serrano e indo ao sexto ano na Vig\u00e1rio Geral, Handerson acumula 3 Pr\u00eamios Samb@net, 2 Jorge Lafond e o Estrelas do Carnaval no \u00faltimo desfile pela Vig\u00e1rio Geral. Neste ano completou 20 anos coreografando comiss\u00f5es de frente.<\/p>\n\n\n\n<p>&#8211; Minhas expectativas s\u00e3o as melhores poss\u00edveis, pois vejo nessa oportunidade a possibilidade de mostrar meu trabalho com mais recursos para poder ajudar a Niter\u00f3i nesse novo desafio que \u00e9 o Grupo Especial! Trabalhar em dupla com Marlon ser\u00e1 muito bom pois iremos somar nossas experi\u00eancias e estilos em busca do melhor resultado. Sem falar que a nossa chegada ao especial aumenta um pouco mais a representatividade preta no segmento \u2013 finaliza Big.<\/p>\n","protected":false},"excerpt":{"rendered":"<p>Marlon Cruz e Handerson Big comandar\u00e3o a comiss\u00e3o de frente da Acad\u00eamicos de Niter\u00f3i em 2026 A Acad\u00eamicos de Niter\u00f3i anunciou mais um grande refor\u00e7o para o seu time de estreia no Grupo Especial. A azul e branca da cidade sorriso apostar\u00e1 no talento de Marlon Cruz e Handerson Big para comandar a comiss\u00e3o de [&hellip;]<\/p>\n","protected":false},"author":1,"featured_media":2013,"comment_status":"closed","ping_status":"open","sticky":false,"template":"","format":"standard","meta":{"footnotes":""},"categories":[13],"tags":[151,155,153,154,159,152],"class_list":["post-2012","post","type-post","status-publish","format-standard","has-post-thumbnail","hentry","category-fashion","tag-carnaval","tag-intendente-magalhaes","tag-mundo-do-carnaval","tag-rio-de-janeiro","tag-samba","tag-sapucai"],"_links":{"self":[{"href":"https:\/\/mundodocarnaval.com.br\/pt_br\/wp-json\/wp\/v2\/posts\/2012","targetHints":{"allow":["GET"]}}],"collection":[{"href":"https:\/\/mundodocarnaval.com.br\/pt_br\/wp-json\/wp\/v2\/posts"}],"about":[{"href":"https:\/\/mundodocarnaval.com.br\/pt_br\/wp-json\/wp\/v2\/types\/post"}],"author":[{"embeddable":true,"href":"https:\/\/mundodocarnaval.com.br\/pt_br\/wp-json\/wp\/v2\/users\/1"}],"replies":[{"embeddable":true,"href":"https:\/\/mundodocarnaval.com.br\/pt_br\/wp-json\/wp\/v2\/comments?post=2012"}],"version-history":[{"count":1,"href":"https:\/\/mundodocarnaval.com.br\/pt_br\/wp-json\/wp\/v2\/posts\/2012\/revisions"}],"predecessor-version":[{"id":2014,"href":"https:\/\/mundodocarnaval.com.br\/pt_br\/wp-json\/wp\/v2\/posts\/2012\/revisions\/2014"}],"wp:featuredmedia":[{"embeddable":true,"href":"https:\/\/mundodocarnaval.com.br\/pt_br\/wp-json\/wp\/v2\/media\/2013"}],"wp:attachment":[{"href":"https:\/\/mundodocarnaval.com.br\/pt_br\/wp-json\/wp\/v2\/media?parent=2012"}],"wp:term":[{"taxonomy":"category","embeddable":true,"href":"https:\/\/mundodocarnaval.com.br\/pt_br\/wp-json\/wp\/v2\/categories?post=2012"},{"taxonomy":"post_tag","embeddable":true,"href":"https:\/\/mundodocarnaval.com.br\/pt_br\/wp-json\/wp\/v2\/tags?post=2012"}],"curies":[{"name":"wp","href":"https:\/\/api.w.org\/{rel}","templated":true}]}}