{"id":2015,"date":"2025-04-02T00:57:22","date_gmt":"2025-04-02T00:57:22","guid":{"rendered":"https:\/\/mundodocarnaval.com.br\/?p=2015"},"modified":"2025-04-04T16:31:54","modified_gmt":"2025-04-04T19:31:54","slug":"raphael-torres-e-alexandre-rangel-sao-os-novos-carnavalescos-do-botafogo-samba-clube","status":"publish","type":"post","link":"https:\/\/mundodocarnaval.com.br\/pt_br\/raphael-torres-e-alexandre-rangel-sao-os-novos-carnavalescos-do-botafogo-samba-clube\/","title":{"rendered":"Raphael Torres e Alexandre Rangel s\u00e3o os novos Carnavalescos do Botafogo Samba Clube"},"content":{"rendered":"\n<p><strong>Raphael Torres e Alexandre Rangel s\u00e3o os novos carnavalescos da Botafogo Samba Clube<\/strong><\/p>\n\n\n\n<p>A Botafogo Samba Clube apresentou seus novos carnavalescos para o carnaval de 2026. Raphael Torres e Alexandre Rangel ser\u00e3o os respons\u00e1veis por assinar o carnaval da agremia\u00e7\u00e3o em seu segundo desfile na Marqu\u00eas de Sapuca\u00ed. Com uma grande trajet\u00f3ria consolidada no carnaval carioca, a dupla possui mais de uma d\u00e9cada de experi\u00eancia em desfiles e refor\u00e7ar\u00e1 a equipe da agremia\u00e7\u00e3o alvinegra.<\/p>\n\n\n\n<p>Raphael Torres e Alexandre Rangel em 2010 desenvolveram o desfile da Caprichosos de Pilares com a reedi\u00e7\u00e3o do enredo \u201cE por falar em saudade\u201d.&nbsp; Entre 2017,2018 e 2019, a dupla esteve \u00e0 frente dos desfiles da Renascer de Jacarepagu\u00e1 na S\u00e9rie Ouro. Em 2020, assumiram o carnaval da Acad\u00eamicos do Cubango, apresentando o enredo \u201cA voz da liberdade\u201d, que homenageou o abolicionista Lu\u00eds Gama, conquistando o quinto lugar na S\u00e9rie Ouro.<\/p>\n\n\n\n<p>Para o Carnaval de 2025, foram anunciados como os novos carnavalescos da Unidos de Bangu, com o objetivo de conduzir a escola a um desfile de destaque na S\u00e9rie Ouro.&nbsp; Ao longo de suas carreiras, Raphael Torres e Alexandre Rangel tamb\u00e9m colaboraram com outras agremia\u00e7\u00f5es, como Em Cima da Hora, Unidos da Vila Santa Tereza, Mocidade de Vicente de Carvalho e Unidos da Villa Rica, sempre buscando inovar e enriquecer o espet\u00e1culo carnavalesco.<\/p>\n\n\n\n<p>&#8211; Estamos muito entusiasmados com o desafio de desenvolver o carnaval da Botafogo Samba Clube. Nossa expectativa \u00e9 a melhor poss\u00edvel, e vamos trabalhar com muita dedica\u00e7\u00e3o para entregar um desfile grandioso, competitivo e \u00e0 altura da escola. Podem aguardar um enredo criativo, envolvente e repleto de surpresas, que certamente encantar\u00e1 a todos na avenida. Vamos juntos rumo a um grande espet\u00e1culo! \u2013 Revelou Alexandre.<\/p>\n\n\n\n<p>Foto: Divulga\u00e7\u00e3o\/ Gardel Assessoria<\/p>\n","protected":false},"excerpt":{"rendered":"<p>Raphael Torres e Alexandre Rangel s\u00e3o os novos carnavalescos da Botafogo Samba Clube A Botafogo Samba Clube apresentou seus novos carnavalescos para o carnaval de 2026. Raphael Torres e Alexandre Rangel ser\u00e3o os respons\u00e1veis por assinar o carnaval da agremia\u00e7\u00e3o em seu segundo desfile na Marqu\u00eas de Sapuca\u00ed. Com uma grande trajet\u00f3ria consolidada no carnaval [&hellip;]<\/p>\n","protected":false},"author":1,"featured_media":2016,"comment_status":"closed","ping_status":"open","sticky":false,"template":"","format":"standard","meta":{"footnotes":""},"categories":[13],"tags":[151,155,153,154,159,152],"class_list":["post-2015","post","type-post","status-publish","format-standard","has-post-thumbnail","hentry","category-fashion","tag-carnaval","tag-intendente-magalhaes","tag-mundo-do-carnaval","tag-rio-de-janeiro","tag-samba","tag-sapucai"],"_links":{"self":[{"href":"https:\/\/mundodocarnaval.com.br\/pt_br\/wp-json\/wp\/v2\/posts\/2015","targetHints":{"allow":["GET"]}}],"collection":[{"href":"https:\/\/mundodocarnaval.com.br\/pt_br\/wp-json\/wp\/v2\/posts"}],"about":[{"href":"https:\/\/mundodocarnaval.com.br\/pt_br\/wp-json\/wp\/v2\/types\/post"}],"author":[{"embeddable":true,"href":"https:\/\/mundodocarnaval.com.br\/pt_br\/wp-json\/wp\/v2\/users\/1"}],"replies":[{"embeddable":true,"href":"https:\/\/mundodocarnaval.com.br\/pt_br\/wp-json\/wp\/v2\/comments?post=2015"}],"version-history":[{"count":1,"href":"https:\/\/mundodocarnaval.com.br\/pt_br\/wp-json\/wp\/v2\/posts\/2015\/revisions"}],"predecessor-version":[{"id":2017,"href":"https:\/\/mundodocarnaval.com.br\/pt_br\/wp-json\/wp\/v2\/posts\/2015\/revisions\/2017"}],"wp:featuredmedia":[{"embeddable":true,"href":"https:\/\/mundodocarnaval.com.br\/pt_br\/wp-json\/wp\/v2\/media\/2016"}],"wp:attachment":[{"href":"https:\/\/mundodocarnaval.com.br\/pt_br\/wp-json\/wp\/v2\/media?parent=2015"}],"wp:term":[{"taxonomy":"category","embeddable":true,"href":"https:\/\/mundodocarnaval.com.br\/pt_br\/wp-json\/wp\/v2\/categories?post=2015"},{"taxonomy":"post_tag","embeddable":true,"href":"https:\/\/mundodocarnaval.com.br\/pt_br\/wp-json\/wp\/v2\/tags?post=2015"}],"curies":[{"name":"wp","href":"https:\/\/api.w.org\/{rel}","templated":true}]}}