{"id":2018,"date":"2025-04-02T01:09:45","date_gmt":"2025-04-02T01:09:45","guid":{"rendered":"https:\/\/mundodocarnaval.com.br\/?p=2018"},"modified":"2025-04-04T16:31:54","modified_gmt":"2025-04-04T19:31:54","slug":"mestre-atila-assume-a-bateria-da-unidos-de-lucas-para-2026","status":"publish","type":"post","link":"https:\/\/mundodocarnaval.com.br\/pt_br\/mestre-atila-assume-a-bateria-da-unidos-de-lucas-para-2026\/","title":{"rendered":"Mestre \u00c1tila assume a bateria da Unidos de Lucas para 2026"},"content":{"rendered":"\n<p><strong>Mestre \u00c1tila assume a bateria da Unidos de Lucas para 2026<\/strong><\/p>\n\n\n\n<p>A Unidos de Lucas segue se refor\u00e7ando em busca do t\u00edtulo da S\u00e9rie Prata em 2026. Para isso, a escola anunciou a contrata\u00e7\u00e3o de Mestre \u00c1tila para o comando da bateria \u201cTabajara do Samba\u201d no pr\u00f3ximo desfile. Com uma vasta experi\u00eancia no carnaval, \u00c1tila chega para integrar o time da agremia\u00e7\u00e3o e comandar os ritmistas em busca dos 40 pontos na Intendente Magalh\u00e3es.<\/p>\n\n\n\n<p>\u00c1tila teve sua forma\u00e7\u00e3o no Imp\u00e9rio Serrano, onde tem fundadores da escola na fam\u00edlia e tamb\u00e9m j\u00e1 foi Presidente da agremia\u00e7\u00e3o. Come\u00e7ou como ritmista mirim aos 11 anos e ingressou como adulto em 1981, passando por diversos setores da bateria. Em 2010 assumiu o comando da bateria Swingueira de Noel, da Vila Isabel. Em sua trajet\u00f3ria possui 4 Pr\u00eamios Estandarte de ouro, tem passagens pela Acad\u00eamicos do Sossego, Em Cima da Hora e Lins Imperial.<\/p>\n\n\n\n<p>&#8211; A minha expectativa assumindo o comando da bateria \u00e9 buscar junto ao nosso Presidente e todos os segmentos da agremia\u00e7\u00e3o dar qualidade e visibilidade e o Acesso para a Sapuca\u00ed. Unidos de Lucas \u00e9 uma agremia\u00e7\u00e3o de tantas e grandiosas hist\u00f3rias. Estou muito feliz por esse desafio de ir em busca do campeonato, respeitando todas as outras agremia\u00e7\u00f5es \u2013 revelou o Mestre.<\/p>\n\n\n\n<p>Foto S1 Fotografia &#8211; Divulga\u00e7\u00e3o Gardel Assessoria&nbsp;<\/p>\n\n\n\n<figure class=\"wp-block-gallery has-nested-images columns-default is-cropped wp-block-gallery-1 is-layout-flex wp-block-gallery-is-layout-flex\">\n<figure class=\"wp-block-image size-large\"><img fetchpriority=\"high\" decoding=\"async\" width=\"334\" height=\"500\" data-id=\"2020\" src=\"https:\/\/mundodocarnaval.com.br\/wp-content\/uploads\/2025\/04\/Mestre-Atila-Foto-S1-Fotografia-Divulgacao-Gardel-Assessoria-2.jpg\" alt=\"\" class=\"wp-image-2020\" srcset=\"https:\/\/mundodocarnaval.com.br\/wp-content\/uploads\/2025\/04\/Mestre-Atila-Foto-S1-Fotografia-Divulgacao-Gardel-Assessoria-2.jpg 334w, https:\/\/mundodocarnaval.com.br\/wp-content\/uploads\/2025\/04\/Mestre-Atila-Foto-S1-Fotografia-Divulgacao-Gardel-Assessoria-2-200x300.jpg 200w, https:\/\/mundodocarnaval.com.br\/wp-content\/uploads\/2025\/04\/Mestre-Atila-Foto-S1-Fotografia-Divulgacao-Gardel-Assessoria-2-8x12.jpg 8w\" sizes=\"(max-width: 334px) 100vw, 334px\" \/><\/figure>\n<\/figure>\n","protected":false},"excerpt":{"rendered":"<p>Mestre \u00c1tila assume a bateria da Unidos de Lucas para 2026 A Unidos de Lucas segue se refor\u00e7ando em busca do t\u00edtulo da S\u00e9rie Prata em 2026. Para isso, a escola anunciou a contrata\u00e7\u00e3o de Mestre \u00c1tila para o comando da bateria \u201cTabajara do Samba\u201d no pr\u00f3ximo desfile. Com uma vasta experi\u00eancia no carnaval, \u00c1tila [&hellip;]<\/p>\n","protected":false},"author":1,"featured_media":2019,"comment_status":"closed","ping_status":"open","sticky":false,"template":"","format":"standard","meta":{"footnotes":""},"categories":[14],"tags":[151,155,153,154,159,152],"class_list":["post-2018","post","type-post","status-publish","format-standard","has-post-thumbnail","hentry","category-gadgets","tag-carnaval","tag-intendente-magalhaes","tag-mundo-do-carnaval","tag-rio-de-janeiro","tag-samba","tag-sapucai"],"_links":{"self":[{"href":"https:\/\/mundodocarnaval.com.br\/pt_br\/wp-json\/wp\/v2\/posts\/2018","targetHints":{"allow":["GET"]}}],"collection":[{"href":"https:\/\/mundodocarnaval.com.br\/pt_br\/wp-json\/wp\/v2\/posts"}],"about":[{"href":"https:\/\/mundodocarnaval.com.br\/pt_br\/wp-json\/wp\/v2\/types\/post"}],"author":[{"embeddable":true,"href":"https:\/\/mundodocarnaval.com.br\/pt_br\/wp-json\/wp\/v2\/users\/1"}],"replies":[{"embeddable":true,"href":"https:\/\/mundodocarnaval.com.br\/pt_br\/wp-json\/wp\/v2\/comments?post=2018"}],"version-history":[{"count":1,"href":"https:\/\/mundodocarnaval.com.br\/pt_br\/wp-json\/wp\/v2\/posts\/2018\/revisions"}],"predecessor-version":[{"id":2021,"href":"https:\/\/mundodocarnaval.com.br\/pt_br\/wp-json\/wp\/v2\/posts\/2018\/revisions\/2021"}],"wp:featuredmedia":[{"embeddable":true,"href":"https:\/\/mundodocarnaval.com.br\/pt_br\/wp-json\/wp\/v2\/media\/2019"}],"wp:attachment":[{"href":"https:\/\/mundodocarnaval.com.br\/pt_br\/wp-json\/wp\/v2\/media?parent=2018"}],"wp:term":[{"taxonomy":"category","embeddable":true,"href":"https:\/\/mundodocarnaval.com.br\/pt_br\/wp-json\/wp\/v2\/categories?post=2018"},{"taxonomy":"post_tag","embeddable":true,"href":"https:\/\/mundodocarnaval.com.br\/pt_br\/wp-json\/wp\/v2\/tags?post=2018"}],"curies":[{"name":"wp","href":"https:\/\/api.w.org\/{rel}","templated":true}]}}