{"id":2027,"date":"2025-04-02T16:53:57","date_gmt":"2025-04-02T16:53:57","guid":{"rendered":"https:\/\/mundodocarnaval.com.br\/?p=2027"},"modified":"2025-04-04T16:31:54","modified_gmt":"2025-04-04T19:31:54","slug":"ito-melodia-e-o-interprete-da-inocentes-de-belford-roxo-para-2026","status":"publish","type":"post","link":"https:\/\/mundodocarnaval.com.br\/pt_br\/ito-melodia-e-o-interprete-da-inocentes-de-belford-roxo-para-2026\/","title":{"rendered":"Ito Melodia \u00e9 o int\u00e9rprete da Inocentes de Belford Roxo para 2026"},"content":{"rendered":"\n<p>Inocentes&nbsp;a escola do meu cora\u00e7\u00e3o e de voc\u00eas tamb\u00e9m! Segura a marimba, caramba! Esse \u00e9 o grito de guerra que a partir da noite de ter\u00e7a-feira (01), o cantor Ito Melodia, passou a entoar, pois o artista passa a ser a voz principal da Ca\u00e7ulinha da Baixada, ap\u00f3s encontro com os presidentes de Honra Reginaldo Gomes e Rodrigo Gomes.<\/p>\n\n\n\n<p>\u201cAl\u00f4 Mundo do Samba, segura a marimba! Eu te disse, eu vou incorporar. Ta\u00ed gostei e a parada \u00e9 essa Ito Melodia agora \u00e9 da Inocentes de Belford Roxo. Eu t\u00f4 feliz ao lado dos meus amigos Reginaldo Gomes e Rodrigo Gomes, para o Carnaval de 2026. O enredo \u00e9 Pernambuco, o estado do meu cora\u00e7\u00e3o e de voc\u00eas tamb\u00e9m. Belford Roxo, eu vou incorporar. Segura a marimba, caramba!\u201d, falou com entusiasmo o int\u00e9rprete Ito Melodia.<\/p>\n\n\n\n<p>Ito Melodia \u00e9 filho do saudoso int\u00e9rprete Aroldo Melodia, uma lenda do Carnaval Carioca e esposo de Maria do Carmo. No \u00faltimo carnaval foi o int\u00e9rprete da Unidos da Tijuca, ganhando mais um pr\u00eamio Estandarte de Ouro de melhor cantor, sendo agora o total de cinco em sua carreira.<\/p>\n\n\n\n<p>Ele tem passagens pela Uni\u00e3o da Ilha, Porto da Pedra, Imp\u00e9rio Serrano e Mocidade Alegre (SP), entre outras.<\/p>\n\n\n\n<p>&#8221; Nunca escondi que sempre quis ter o Ito na nossa escola, pois \u00e9 um cantor excepcional e amigo da minha fam\u00edlia. Ao escalar Ito no nosso time, fizemos um gol de placa. \u00c9 a nova Inocentes em busca do campeonato. Seja bem-vindo Ito Melodia!&#8221;, disse Reginaldo Gomes.<\/p>\n\n\n\n<p>A apresenta\u00e7\u00e3o do cantor \u00e0 comunidade dever\u00e1 acontecer, no m\u00eas de julho, na festa de lan\u00e7amento do enredo para o pr\u00f3ximo desfile, que ter\u00e1 como tema o estado de Pernambuco.<\/p>\n\n\n\n<p>Foto (fot\u00f3grafo William Davoli) 1:Maria do Carmo, Reginaldo Gomes, Ito Melodia e Rodrigo Gomes.<\/p>\n\n\n\n<p>Foto (fot\u00f3grafo William Davoli) 2: Reginaldo Gomes, Ito Melodia e Rodrigo Gomes<\/p>\n\n\n\n<figure class=\"wp-block-gallery has-nested-images columns-default is-cropped wp-block-gallery-1 is-layout-flex wp-block-gallery-is-layout-flex\">\n<figure class=\"wp-block-image size-full\"><img fetchpriority=\"high\" decoding=\"async\" width=\"375\" height=\"500\" data-id=\"2032\" src=\"https:\/\/mundodocarnaval.com.br\/wp-content\/uploads\/2025\/04\/Ito-1-1.jpg\" alt=\"\" class=\"wp-image-2032\" srcset=\"https:\/\/mundodocarnaval.com.br\/wp-content\/uploads\/2025\/04\/Ito-1-1.jpg 375w, https:\/\/mundodocarnaval.com.br\/wp-content\/uploads\/2025\/04\/Ito-1-1-225x300.jpg 225w, https:\/\/mundodocarnaval.com.br\/wp-content\/uploads\/2025\/04\/Ito-1-1-9x12.jpg 9w\" sizes=\"(max-width: 375px) 100vw, 375px\" \/><\/figure>\n<\/figure>\n","protected":false},"excerpt":{"rendered":"<p>Inocentes&nbsp;a escola do meu cora\u00e7\u00e3o e de voc\u00eas tamb\u00e9m! Segura a marimba, caramba! Esse \u00e9 o grito de guerra que a partir da noite de ter\u00e7a-feira (01), o cantor Ito Melodia, passou a entoar, pois o artista passa a ser a voz principal da Ca\u00e7ulinha da Baixada, ap\u00f3s encontro com os presidentes de Honra Reginaldo [&hellip;]<\/p>\n","protected":false},"author":1,"featured_media":2029,"comment_status":"closed","ping_status":"open","sticky":false,"template":"","format":"standard","meta":{"footnotes":""},"categories":[13],"tags":[151,155,153,154,159,152],"class_list":["post-2027","post","type-post","status-publish","format-standard","has-post-thumbnail","hentry","category-fashion","tag-carnaval","tag-intendente-magalhaes","tag-mundo-do-carnaval","tag-rio-de-janeiro","tag-samba","tag-sapucai"],"_links":{"self":[{"href":"https:\/\/mundodocarnaval.com.br\/pt_br\/wp-json\/wp\/v2\/posts\/2027","targetHints":{"allow":["GET"]}}],"collection":[{"href":"https:\/\/mundodocarnaval.com.br\/pt_br\/wp-json\/wp\/v2\/posts"}],"about":[{"href":"https:\/\/mundodocarnaval.com.br\/pt_br\/wp-json\/wp\/v2\/types\/post"}],"author":[{"embeddable":true,"href":"https:\/\/mundodocarnaval.com.br\/pt_br\/wp-json\/wp\/v2\/users\/1"}],"replies":[{"embeddable":true,"href":"https:\/\/mundodocarnaval.com.br\/pt_br\/wp-json\/wp\/v2\/comments?post=2027"}],"version-history":[{"count":2,"href":"https:\/\/mundodocarnaval.com.br\/pt_br\/wp-json\/wp\/v2\/posts\/2027\/revisions"}],"predecessor-version":[{"id":2033,"href":"https:\/\/mundodocarnaval.com.br\/pt_br\/wp-json\/wp\/v2\/posts\/2027\/revisions\/2033"}],"wp:featuredmedia":[{"embeddable":true,"href":"https:\/\/mundodocarnaval.com.br\/pt_br\/wp-json\/wp\/v2\/media\/2029"}],"wp:attachment":[{"href":"https:\/\/mundodocarnaval.com.br\/pt_br\/wp-json\/wp\/v2\/media?parent=2027"}],"wp:term":[{"taxonomy":"category","embeddable":true,"href":"https:\/\/mundodocarnaval.com.br\/pt_br\/wp-json\/wp\/v2\/categories?post=2027"},{"taxonomy":"post_tag","embeddable":true,"href":"https:\/\/mundodocarnaval.com.br\/pt_br\/wp-json\/wp\/v2\/tags?post=2027"}],"curies":[{"name":"wp","href":"https:\/\/api.w.org\/{rel}","templated":true}]}}