{"id":2034,"date":"2025-04-03T22:41:10","date_gmt":"2025-04-03T22:41:10","guid":{"rendered":"https:\/\/mundodocarnaval.com.br\/?p=2034"},"modified":"2025-04-04T16:31:54","modified_gmt":"2025-04-04T19:31:54","slug":"tuiuti-divulga-tema-do-carnaval-2026-e-apresenta-primeiro-casal-durante-aniversario-neste-domingo-06-04","status":"publish","type":"post","link":"https:\/\/mundodocarnaval.com.br\/pt_br\/tuiuti-divulga-tema-do-carnaval-2026-e-apresenta-primeiro-casal-durante-aniversario-neste-domingo-06-04\/","title":{"rendered":"Tuiuti divulga tema do Carnaval 2026 e apresenta primeiro casal durante anivers\u00e1rio neste domingo (06\/04)"},"content":{"rendered":"\n<p><strong>Tuiuti divulga tema do Carnaval 2026 e apresenta primeiro casal durante anivers\u00e1rio neste domingo (06\/04)<\/strong><\/p>\n\n\n\n<p>No pr\u00f3ximo domingo, dia 6 de abril, o Tuiuti vai celebrar o anivers\u00e1rio de 73 anos e marcar o in\u00edcio das atividades para o Carnaval 2026. A agremia\u00e7\u00e3o de S\u00e3o Crist\u00f3v\u00e3o vai realizar uma feijoada na sua quadra em S\u00e3o Crist\u00f3v\u00e3o, a partir das 14h, com a presen\u00e7a da grande campe\u00e3 Beija-Flor de Nil\u00f3polis. Durante o evento, a escola vai apresentar o tema que levar\u00e1 para a Avenida no ano que vem. O enredo ser\u00e1 desenvolvido pelo carnavalesco Jack Vasconcelos.<\/p>\n\n\n\n<p>A tarde tamb\u00e9m ser\u00e1 especial para a estreia do novo primeiro casal de mestre-sala e porta-bandeira do Tuiuti, Rebeca Tito e Vinicius Antunes.<\/p>\n\n\n\n<p>&#8220;Ser\u00e1 uma tarde de domingo de fortes emo\u00e7\u00f5es&#8221;, antecipa o presidente da escola, Renato Thor.<\/p>\n\n\n\n<p>Para mais informa\u00e7\u00f5es&nbsp;e reservas de mesas em:&nbsp;(21) 97398-1021.<\/p>\n\n\n\n<p><strong>Servi\u00e7o:<\/strong><\/p>\n\n\n\n<p>Feijoada de&nbsp;anivers\u00e1rio&nbsp;do Tuiuti com lan\u00e7amento do enredo de 2026 e apresenta\u00e7\u00e3o do primeiro casal<\/p>\n\n\n\n<p>Domingo, 6 de abril, a partir das 14h<\/p>\n\n\n\n<p>Quadra do Tuiuti &#8211;&nbsp;Campo de S\u00e3o Crist\u00f3v\u00e3o, 33, bairro de S\u00e3o Crist\u00f3v\u00e3o<\/p>\n\n\n\n<p>Ingresso: R$ 30<\/p>\n\n\n\n<p>Feijoada: R$ 20<\/p>\n\n\n\n<p><strong>Fotos: Reprodu\u00e7\u00e3o Stephano Loyo<\/strong><\/p>\n","protected":false},"excerpt":{"rendered":"<p>Tuiuti divulga tema do Carnaval 2026 e apresenta primeiro casal durante anivers\u00e1rio neste domingo (06\/04) No pr\u00f3ximo domingo, dia 6 de abril, o Tuiuti vai celebrar o anivers\u00e1rio de 73 anos e marcar o in\u00edcio das atividades para o Carnaval 2026. A agremia\u00e7\u00e3o de S\u00e3o Crist\u00f3v\u00e3o vai realizar uma feijoada na sua quadra em S\u00e3o [&hellip;]<\/p>\n","protected":false},"author":1,"featured_media":2035,"comment_status":"closed","ping_status":"open","sticky":false,"template":"","format":"standard","meta":{"footnotes":""},"categories":[12],"tags":[151,155,153,154,159,152],"class_list":["post-2034","post","type-post","status-publish","format-standard","has-post-thumbnail","hentry","category-grupo-especial","tag-carnaval","tag-intendente-magalhaes","tag-mundo-do-carnaval","tag-rio-de-janeiro","tag-samba","tag-sapucai"],"_links":{"self":[{"href":"https:\/\/mundodocarnaval.com.br\/pt_br\/wp-json\/wp\/v2\/posts\/2034","targetHints":{"allow":["GET"]}}],"collection":[{"href":"https:\/\/mundodocarnaval.com.br\/pt_br\/wp-json\/wp\/v2\/posts"}],"about":[{"href":"https:\/\/mundodocarnaval.com.br\/pt_br\/wp-json\/wp\/v2\/types\/post"}],"author":[{"embeddable":true,"href":"https:\/\/mundodocarnaval.com.br\/pt_br\/wp-json\/wp\/v2\/users\/1"}],"replies":[{"embeddable":true,"href":"https:\/\/mundodocarnaval.com.br\/pt_br\/wp-json\/wp\/v2\/comments?post=2034"}],"version-history":[{"count":2,"href":"https:\/\/mundodocarnaval.com.br\/pt_br\/wp-json\/wp\/v2\/posts\/2034\/revisions"}],"predecessor-version":[{"id":2037,"href":"https:\/\/mundodocarnaval.com.br\/pt_br\/wp-json\/wp\/v2\/posts\/2034\/revisions\/2037"}],"wp:featuredmedia":[{"embeddable":true,"href":"https:\/\/mundodocarnaval.com.br\/pt_br\/wp-json\/wp\/v2\/media\/2035"}],"wp:attachment":[{"href":"https:\/\/mundodocarnaval.com.br\/pt_br\/wp-json\/wp\/v2\/media?parent=2034"}],"wp:term":[{"taxonomy":"category","embeddable":true,"href":"https:\/\/mundodocarnaval.com.br\/pt_br\/wp-json\/wp\/v2\/categories?post=2034"},{"taxonomy":"post_tag","embeddable":true,"href":"https:\/\/mundodocarnaval.com.br\/pt_br\/wp-json\/wp\/v2\/tags?post=2034"}],"curies":[{"name":"wp","href":"https:\/\/api.w.org\/{rel}","templated":true}]}}