{"id":2038,"date":"2025-04-03T20:16:20","date_gmt":"2025-04-03T23:16:20","guid":{"rendered":"https:\/\/mundodocarnaval.com.br\/?p=2038"},"modified":"2025-04-04T16:31:54","modified_gmt":"2025-04-04T19:31:54","slug":"darllan-nascimento-e-o-novo-mestre-de-bateria-da-independentes-de-olaria","status":"publish","type":"post","link":"https:\/\/mundodocarnaval.com.br\/pt_br\/darllan-nascimento-e-o-novo-mestre-de-bateria-da-independentes-de-olaria\/","title":{"rendered":"Darllan Nascimento \u00e9 o novo Mestre de bateria da Independentes de Olaria"},"content":{"rendered":"\n<p><strong>Darllan Nascimento \u00e9 o novo Mestre de bateria da Independentes de Olaria<\/strong><\/p>\n\n\n\n<p>A Independentes de Olaria j\u00e1 tem um novo comandante para a bateria Alcateia do Ritmo. Mestre Darllan Nascimento chega para comandar os ritmistas da agremia\u00e7\u00e3o em busca dos 40 pontos no quesito no pr\u00f3ximo desfile. O rec\u00e9m chegado \u00e9 o primeiro nome confirmado na equipe do lobo forte da Leopoldina para o carnaval de 2026.<\/p>\n\n\n\n<p>Darllan Nascimento come\u00e7ou sua estrada na m\u00fasica acompanhando seu pai em noites de pagodes. Al\u00e9m de m\u00fasico percussionista, tamb\u00e9m \u00e9 aluno de Educa\u00e7\u00e3o F\u00edsica. Ritmista de v\u00e1rias escolas de samba, al\u00e9m de j\u00e1 ter sido Mestre de bateria no grupo de acesso pelo Jacarezinho, Manguinhos, Vila Santa Tereza, Novo Imp\u00e9rio e Dif\u00edcil \u00e9 o Nome. Seu \u00faltimo trabalho foi na S\u00e9rie Ouro como Mestre da Unidos da Ponte. J\u00e1 ganhou o Pr\u00eamio Samba na Veia de revela\u00e7\u00e3o e atualmente tamb\u00e9m \u00e9 Diretor de bateria do Salgueiro.<\/p>\n\n\n\n<p>&#8211; Estou extremamente feliz em assumir esse trabalho. Trabalharei firme para que a Alcateia do Ritmo alcance a nota m\u00e1xima e tudo que possa ajudar a Independentes de Olaria, que \u00e9 uma agremia\u00e7\u00e3o de respeito. Vamos transbordar ritmo na Intendente Magalh\u00e3es! \u2013 finaliza o mestre.<\/p>\n\n\n\n<figure class=\"wp-block-gallery has-nested-images columns-default is-cropped wp-block-gallery-1 is-layout-flex wp-block-gallery-is-layout-flex\"><\/figure>\n\n\n\n<figure class=\"wp-block-gallery has-nested-images columns-default is-cropped wp-block-gallery-2 is-layout-flex wp-block-gallery-is-layout-flex\">\n<figure class=\"wp-block-image size-large\"><img fetchpriority=\"high\" decoding=\"async\" width=\"500\" height=\"328\" data-id=\"2040\" src=\"https:\/\/mundodocarnaval.com.br\/wp-content\/uploads\/2025\/04\/Darllan-Nascimento-1.jpeg\" alt=\"\" class=\"wp-image-2040\" srcset=\"https:\/\/mundodocarnaval.com.br\/wp-content\/uploads\/2025\/04\/Darllan-Nascimento-1.jpeg 500w, https:\/\/mundodocarnaval.com.br\/wp-content\/uploads\/2025\/04\/Darllan-Nascimento-1-300x197.jpeg 300w, https:\/\/mundodocarnaval.com.br\/wp-content\/uploads\/2025\/04\/Darllan-Nascimento-1-18x12.jpeg 18w\" sizes=\"(max-width: 500px) 100vw, 500px\" \/><\/figure>\n\n\n\n<figure class=\"wp-block-image size-large\"><img decoding=\"async\" width=\"409\" height=\"500\" data-id=\"2041\" src=\"https:\/\/mundodocarnaval.com.br\/wp-content\/uploads\/2025\/04\/Darllan-Nascimento-2.jpeg\" alt=\"\" class=\"wp-image-2041\" srcset=\"https:\/\/mundodocarnaval.com.br\/wp-content\/uploads\/2025\/04\/Darllan-Nascimento-2.jpeg 409w, https:\/\/mundodocarnaval.com.br\/wp-content\/uploads\/2025\/04\/Darllan-Nascimento-2-245x300.jpeg 245w, https:\/\/mundodocarnaval.com.br\/wp-content\/uploads\/2025\/04\/Darllan-Nascimento-2-10x12.jpeg 10w\" sizes=\"(max-width: 409px) 100vw, 409px\" \/><\/figure>\n\n\n\n<figure class=\"wp-block-image size-large\"><img decoding=\"async\" width=\"375\" height=\"500\" data-id=\"2042\" src=\"https:\/\/mundodocarnaval.com.br\/wp-content\/uploads\/2025\/04\/Darllan-Nascimento-3.jpeg\" alt=\"\" class=\"wp-image-2042\" srcset=\"https:\/\/mundodocarnaval.com.br\/wp-content\/uploads\/2025\/04\/Darllan-Nascimento-3.jpeg 375w, https:\/\/mundodocarnaval.com.br\/wp-content\/uploads\/2025\/04\/Darllan-Nascimento-3-225x300.jpeg 225w, https:\/\/mundodocarnaval.com.br\/wp-content\/uploads\/2025\/04\/Darllan-Nascimento-3-9x12.jpeg 9w\" sizes=\"(max-width: 375px) 100vw, 375px\" \/><\/figure>\n<\/figure>\n","protected":false},"excerpt":{"rendered":"<p>Darllan Nascimento \u00e9 o novo Mestre de bateria da Independentes de Olaria A Independentes de Olaria j\u00e1 tem um novo comandante para a bateria Alcateia do Ritmo. Mestre Darllan Nascimento chega para comandar os ritmistas da agremia\u00e7\u00e3o em busca dos 40 pontos no quesito no pr\u00f3ximo desfile. O rec\u00e9m chegado \u00e9 o primeiro nome confirmado [&hellip;]<\/p>\n","protected":false},"author":1,"featured_media":2039,"comment_status":"closed","ping_status":"open","sticky":false,"template":"","format":"standard","meta":{"footnotes":""},"categories":[14],"tags":[151,153,152],"class_list":["post-2038","post","type-post","status-publish","format-standard","has-post-thumbnail","hentry","category-gadgets","tag-carnaval","tag-mundo-do-carnaval","tag-sapucai"],"_links":{"self":[{"href":"https:\/\/mundodocarnaval.com.br\/pt_br\/wp-json\/wp\/v2\/posts\/2038","targetHints":{"allow":["GET"]}}],"collection":[{"href":"https:\/\/mundodocarnaval.com.br\/pt_br\/wp-json\/wp\/v2\/posts"}],"about":[{"href":"https:\/\/mundodocarnaval.com.br\/pt_br\/wp-json\/wp\/v2\/types\/post"}],"author":[{"embeddable":true,"href":"https:\/\/mundodocarnaval.com.br\/pt_br\/wp-json\/wp\/v2\/users\/1"}],"replies":[{"embeddable":true,"href":"https:\/\/mundodocarnaval.com.br\/pt_br\/wp-json\/wp\/v2\/comments?post=2038"}],"version-history":[{"count":1,"href":"https:\/\/mundodocarnaval.com.br\/pt_br\/wp-json\/wp\/v2\/posts\/2038\/revisions"}],"predecessor-version":[{"id":2043,"href":"https:\/\/mundodocarnaval.com.br\/pt_br\/wp-json\/wp\/v2\/posts\/2038\/revisions\/2043"}],"wp:featuredmedia":[{"embeddable":true,"href":"https:\/\/mundodocarnaval.com.br\/pt_br\/wp-json\/wp\/v2\/media\/2039"}],"wp:attachment":[{"href":"https:\/\/mundodocarnaval.com.br\/pt_br\/wp-json\/wp\/v2\/media?parent=2038"}],"wp:term":[{"taxonomy":"category","embeddable":true,"href":"https:\/\/mundodocarnaval.com.br\/pt_br\/wp-json\/wp\/v2\/categories?post=2038"},{"taxonomy":"post_tag","embeddable":true,"href":"https:\/\/mundodocarnaval.com.br\/pt_br\/wp-json\/wp\/v2\/tags?post=2038"}],"curies":[{"name":"wp","href":"https:\/\/api.w.org\/{rel}","templated":true}]}}