{"id":2049,"date":"2025-04-03T20:41:44","date_gmt":"2025-04-03T23:41:44","guid":{"rendered":"https:\/\/mundodocarnaval.com.br\/?p=2049"},"modified":"2025-04-04T16:31:54","modified_gmt":"2025-04-04T19:31:54","slug":"porto-da-pedra-realiza-acao-social-no-proximo-sabado","status":"publish","type":"post","link":"https:\/\/mundodocarnaval.com.br\/pt_br\/porto-da-pedra-realiza-acao-social-no-proximo-sabado\/","title":{"rendered":"Porto da Pedra realiza a\u00e7\u00e3o social no pr\u00f3ximo s\u00e1bado"},"content":{"rendered":"\n<p><strong>Porto da Pedra realiza a\u00e7\u00e3o social no pr\u00f3ximo s\u00e1bado<\/strong><\/p>\n\n\n\n<p><em>Evento celebra o Dia da Promo\u00e7\u00e3o da Sa\u00fade e Qualidade de Vida com atividade gratuitas para a comunidade das 09h \u00e0s 12h<\/em><\/p>\n\n\n\n<p>O pr\u00f3ximo s\u00e1bado ser\u00e1 de portas abertas para a comunidade do GRES Unidos do Porto da Pedra. A escola vai realizar o Dia da Promo\u00e7\u00e3o da Sa\u00fade e Qualidade de Vida, celebrado no dia 5 de abril, com uma s\u00e9rie de atividades gratuitas na quadra da vermelha e branca, representante de S\u00e3o Gon\u00e7alo na S\u00e9rie Ouro do carnaval carioca.<\/p>\n\n\n\n<p>\u201cEstamos exercendo o nosso papel enquanto escola de samba, que \u00e9 o de promover a\u00e7\u00f5es que beneficiem a nossa comunidade. Estamos com o planejamento do carnaval acontecendo e em breve anunciaremos toda a equipe\u201d, diz Fabr\u00edcio Montibelo, presidente da escola.<\/p>\n\n\n\n<p>A partir das 09h da manh\u00e3, fisioterapia, psicologia, aferi\u00e7\u00e3o de press\u00e3o, medi\u00e7\u00e3o de glicose, palestras, entre outras atividades voltadas para a sa\u00fade e bem estar f\u00edsico e mental, ser\u00e3o disponibilizadas de forma gratuita para a comunidade. A a\u00e7\u00e3o vai at\u00e9 o meio-dia. Todos os detalhes com a programa\u00e7\u00e3o completa est\u00e3o na rede social da escola (<a rel=\"noreferrer noopener\" target=\"_blank\" href=\"https:\/\/www.instagram.com\/gresuportodapedra\/\">https:\/\/www.instagram.com\/gresuportodapedra\/<\/a>)<\/p>\n\n\n\n<p>A quadra da Porto da Pedra fica na Travessa Jo\u00e3o Silva, 84 &#8211; Porto da Pedra.&nbsp;<\/p>\n\n\n\n<p><strong>Servi\u00e7o: Dia a Promo\u00e7\u00e3o da Sa\u00fade e Qualidade de Vida na Porto da Pedra<\/strong><\/p>\n\n\n\n<p><em>Data: 05 de abril, s\u00e1bado<\/em><\/p>\n\n\n\n<p><em>Hor\u00e1rio: das 09h \u00e0s 12h<\/em><\/p>\n\n\n\n<p><em>Atividades: circuito, dan\u00e7a, fisioterapia, psicologia, palestras IST, teste glicemia, aferi\u00e7\u00e3o de press\u00e3o, profilaxia bucal<\/em><\/p>\n\n\n\n<p><em>Valor: gratuito<\/em><\/p>\n\n\n\n<figure class=\"wp-block-gallery has-nested-images columns-default is-cropped wp-block-gallery-1 is-layout-flex wp-block-gallery-is-layout-flex\">\n<figure class=\"wp-block-image size-large\"><img fetchpriority=\"high\" decoding=\"async\" width=\"1024\" height=\"678\" data-id=\"2051\" src=\"https:\/\/mundodocarnaval.com.br\/wp-content\/uploads\/2025\/04\/criancas-1024x678.jpeg\" alt=\"\" class=\"wp-image-2051\" srcset=\"https:\/\/mundodocarnaval.com.br\/wp-content\/uploads\/2025\/04\/criancas-1024x678.jpeg 1024w, https:\/\/mundodocarnaval.com.br\/wp-content\/uploads\/2025\/04\/criancas-300x199.jpeg 300w, https:\/\/mundodocarnaval.com.br\/wp-content\/uploads\/2025\/04\/criancas-768x509.jpeg 768w, https:\/\/mundodocarnaval.com.br\/wp-content\/uploads\/2025\/04\/criancas-18x12.jpeg 18w, https:\/\/mundodocarnaval.com.br\/wp-content\/uploads\/2025\/04\/criancas.jpeg 1279w\" sizes=\"(max-width: 1024px) 100vw, 1024px\" \/><\/figure>\n<\/figure>\n","protected":false},"excerpt":{"rendered":"<p>Porto da Pedra realiza a\u00e7\u00e3o social no pr\u00f3ximo s\u00e1bado Evento celebra o Dia da Promo\u00e7\u00e3o da Sa\u00fade e Qualidade de Vida com atividade gratuitas para a comunidade das 09h \u00e0s 12h O pr\u00f3ximo s\u00e1bado ser\u00e1 de portas abertas para a comunidade do GRES Unidos do Porto da Pedra. A escola vai realizar o Dia da [&hellip;]<\/p>\n","protected":false},"author":1,"featured_media":2050,"comment_status":"closed","ping_status":"open","sticky":false,"template":"","format":"standard","meta":{"footnotes":""},"categories":[13],"tags":[151,155,153,154,159,152],"class_list":["post-2049","post","type-post","status-publish","format-standard","has-post-thumbnail","hentry","category-fashion","tag-carnaval","tag-intendente-magalhaes","tag-mundo-do-carnaval","tag-rio-de-janeiro","tag-samba","tag-sapucai"],"_links":{"self":[{"href":"https:\/\/mundodocarnaval.com.br\/pt_br\/wp-json\/wp\/v2\/posts\/2049","targetHints":{"allow":["GET"]}}],"collection":[{"href":"https:\/\/mundodocarnaval.com.br\/pt_br\/wp-json\/wp\/v2\/posts"}],"about":[{"href":"https:\/\/mundodocarnaval.com.br\/pt_br\/wp-json\/wp\/v2\/types\/post"}],"author":[{"embeddable":true,"href":"https:\/\/mundodocarnaval.com.br\/pt_br\/wp-json\/wp\/v2\/users\/1"}],"replies":[{"embeddable":true,"href":"https:\/\/mundodocarnaval.com.br\/pt_br\/wp-json\/wp\/v2\/comments?post=2049"}],"version-history":[{"count":1,"href":"https:\/\/mundodocarnaval.com.br\/pt_br\/wp-json\/wp\/v2\/posts\/2049\/revisions"}],"predecessor-version":[{"id":2052,"href":"https:\/\/mundodocarnaval.com.br\/pt_br\/wp-json\/wp\/v2\/posts\/2049\/revisions\/2052"}],"wp:featuredmedia":[{"embeddable":true,"href":"https:\/\/mundodocarnaval.com.br\/pt_br\/wp-json\/wp\/v2\/media\/2050"}],"wp:attachment":[{"href":"https:\/\/mundodocarnaval.com.br\/pt_br\/wp-json\/wp\/v2\/media?parent=2049"}],"wp:term":[{"taxonomy":"category","embeddable":true,"href":"https:\/\/mundodocarnaval.com.br\/pt_br\/wp-json\/wp\/v2\/categories?post=2049"},{"taxonomy":"post_tag","embeddable":true,"href":"https:\/\/mundodocarnaval.com.br\/pt_br\/wp-json\/wp\/v2\/tags?post=2049"}],"curies":[{"name":"wp","href":"https:\/\/api.w.org\/{rel}","templated":true}]}}