{"id":2077,"date":"2025-04-05T11:22:58","date_gmt":"2025-04-05T14:22:58","guid":{"rendered":"https:\/\/mundodocarnaval.com.br\/?p=2077"},"modified":"2025-04-05T18:06:12","modified_gmt":"2025-04-05T21:06:12","slug":"renovados-casal-de-mestre-sala-e-porta-bandeira-da-unidos-da-tijuca-inicia-os-ensaios-visando-o-carnaval-2026","status":"publish","type":"post","link":"https:\/\/mundodocarnaval.com.br\/pt_br\/renovados-casal-de-mestre-sala-e-porta-bandeira-da-unidos-da-tijuca-inicia-os-ensaios-visando-o-carnaval-2026\/","title":{"rendered":"Renovados! Casal de mestre-sala e porta-bandeira da Unidos da Tijuca inicia os ensaios visando o Carnaval 2026"},"content":{"rendered":"<p>Renovados! Casal de mestre-sala e porta-bandeira da Unidos da Tijuca inicia os ensaios visando o Carnaval 2026<\/p>\n<p>Matheus Miranda e Lucinha Nobre j\u00e1 se preparam para o pr\u00f3ximo carnaval<\/p>\n<p>Um m\u00eas ap\u00f3s o \u00faltimo carnaval e com o objetivo de n\u00e3o perder tempo, o primeiro casal de mestre-sala e porta-bandeira da Unidos da Tijuca, Matheus Miranda e Lucinha Nobre renovou a manuten\u00e7\u00e3o do seu contrato e j\u00e1 iniciou seus ensaios e treinos visando o pr\u00f3ximo desfile, que acontecer\u00e1 em fevereiro do ano que vem.<\/p>\n<p>Veterana entre as porta-bandeiras, Lucinha Nobre \u00e9 um dos grandes nomes do quesito. \u00c9 refer\u00eancia e precursora da t\u00e9cnica do bailado de casal. Super premiada, recebeu seis vezes o Estandarte de Ouro de melhor porta-bandeira, sendo tr\u00eas deles pela Unidos da Tijuca. No carnaval 2025 gabaritou a nota m\u00e1xima ao lado do seu mestre-sala, Matheus.<\/p>\n<p>Aspas Lucinha<\/p>\n<p>Matheus Miranda iniciou a sua carreira na Unidos da Vila Kennedy, localizada na comunidade onde nasceu. Em 2014, venceu o concurso de mestre-sala na Caprichosos de Pilares e formou par com a porta-bandeira Lohane Lemos. Em 2015 venceu novo concurso, dessa vez na Unidos da Tijuca desbancando outros vinte e cinco casais concorrentes e novamente ao lado de Lohane Lemos dan\u00e7ou por mais seis carnavais, como segundo casal de mestre-sala e porta-bandeira da agremia\u00e7\u00e3o, sendo promovido como primeiro mestre-sala para o carnaval 2023.<\/p>\n<p>&#8211; Encaro a oportunidade dada pela Unidos da Tijuca como a oportunidade de ouro da minha vida. O sonho de todo mestre-sala \u00e9 chegar ao topo e disputar nota no Grupo Especial. \u00c9 a realiza\u00e7\u00e3o de um sonho, mas vejo com muita seriedade e muito trabalho. A Unidos da Tijuca \u00e9 uma escola muito s\u00e9ria que faz carnaval de verdade e estou muito feliz e animado de conduzir o primeiro pavilh\u00e3o por mais um ano. Fa\u00e7o parte da nova gera\u00e7\u00e3o que est\u00e1 chegando, pelas portas que a Tijuca abriu \u2013 festeja.<\/p>\n<p>A Unidos da Tijuca se reestrutura internamente para o Carnaval 2026 com o objetivo de melhores notas, almejando o campeonato do Grupo Especial do carnaval carioca.<\/p>\n<p>Fotos: Cr\u00e9ditos nas imagens<\/p>\n\n\n<figure class=\"wp-block-gallery has-nested-images columns-default is-cropped wp-block-gallery-1 is-layout-flex wp-block-gallery-is-layout-flex\"><\/figure>\n\n\n\n\n\n\n\n\n\n\n\n<figure class=\"wp-block-gallery has-nested-images columns-default is-cropped wp-block-gallery-2 is-layout-flex wp-block-gallery-is-layout-flex\"><\/figure>\n\n\n\n<figure class=\"wp-block-image is-style-default\"><img decoding=\"async\" src=\"https:\/\/mundodocarnaval.com.br\/wp-content\/uploads\/2025\/04\/Desfile-Jullie-Abreu.jpg\" alt=\"\" class=\"wp-image-2082\"\/><\/figure>\n\n\n\n<figure class=\"wp-block-gallery has-nested-images columns-default is-cropped wp-block-gallery-3 is-layout-flex wp-block-gallery-is-layout-flex\"><\/figure>\n\n\n\n\n\n<div class=\"wp-block-gridkit-shortcode wp-block-gridkit-shortcode-undefined\"><\/div>\n\n\n\n<div class=\"wp-block-gridkit-shortcode wp-block-gridkit-shortcode-undefined\"><\/div>\n\n\n\n<div class=\"wp-block-gridkit-shortcode wp-block-gridkit-shortcode-undefined\"><\/div>\n\n\n\n\n\n\n\n\n\n<figure class=\"wp-block-gallery has-nested-images columns-default is-cropped wp-block-gallery-4 is-layout-flex wp-block-gallery-is-layout-flex\"><\/figure>\n\n\n\n\n\n\n\n<figure class=\"wp-block-gallery has-nested-images columns-default is-cropped wp-block-gallery-5 is-layout-flex wp-block-gallery-is-layout-flex\"><\/figure>\n\n\n\n\n\n<figure class=\"wp-block-gallery has-nested-images columns-default is-cropped wp-block-gallery-6 is-layout-flex wp-block-gallery-is-layout-flex\"><\/figure>\n","protected":false},"excerpt":{"rendered":"<p>Renovados! Casal de mestre-sala e porta-bandeira da Unidos da Tijuca inicia os ensaios visando o Carnaval 2026 Matheus Miranda e Lucinha Nobre j\u00e1 se preparam para o pr\u00f3ximo carnaval Um m\u00eas ap\u00f3s o \u00faltimo carnaval e com o objetivo de n\u00e3o perder tempo, o primeiro casal de mestre-sala e porta-bandeira da Unidos da Tijuca, Matheus [&hellip;]<\/p>\n","protected":false},"author":1,"featured_media":2078,"comment_status":"closed","ping_status":"","sticky":false,"template":"","format":"standard","meta":{"footnotes":""},"categories":[12],"tags":[151,155,153,154,159,152],"class_list":["post-2077","post","type-post","status-publish","format-standard","has-post-thumbnail","hentry","category-grupo-especial","tag-carnaval","tag-intendente-magalhaes","tag-mundo-do-carnaval","tag-rio-de-janeiro","tag-samba","tag-sapucai"],"_links":{"self":[{"href":"https:\/\/mundodocarnaval.com.br\/pt_br\/wp-json\/wp\/v2\/posts\/2077","targetHints":{"allow":["GET"]}}],"collection":[{"href":"https:\/\/mundodocarnaval.com.br\/pt_br\/wp-json\/wp\/v2\/posts"}],"about":[{"href":"https:\/\/mundodocarnaval.com.br\/pt_br\/wp-json\/wp\/v2\/types\/post"}],"author":[{"embeddable":true,"href":"https:\/\/mundodocarnaval.com.br\/pt_br\/wp-json\/wp\/v2\/users\/1"}],"replies":[{"embeddable":true,"href":"https:\/\/mundodocarnaval.com.br\/pt_br\/wp-json\/wp\/v2\/comments?post=2077"}],"version-history":[{"count":3,"href":"https:\/\/mundodocarnaval.com.br\/pt_br\/wp-json\/wp\/v2\/posts\/2077\/revisions"}],"predecessor-version":[{"id":2091,"href":"https:\/\/mundodocarnaval.com.br\/pt_br\/wp-json\/wp\/v2\/posts\/2077\/revisions\/2091"}],"wp:featuredmedia":[{"embeddable":true,"href":"https:\/\/mundodocarnaval.com.br\/pt_br\/wp-json\/wp\/v2\/media\/2078"}],"wp:attachment":[{"href":"https:\/\/mundodocarnaval.com.br\/pt_br\/wp-json\/wp\/v2\/media?parent=2077"}],"wp:term":[{"taxonomy":"category","embeddable":true,"href":"https:\/\/mundodocarnaval.com.br\/pt_br\/wp-json\/wp\/v2\/categories?post=2077"},{"taxonomy":"post_tag","embeddable":true,"href":"https:\/\/mundodocarnaval.com.br\/pt_br\/wp-json\/wp\/v2\/tags?post=2077"}],"curies":[{"name":"wp","href":"https:\/\/api.w.org\/{rel}","templated":true}]}}