{"id":2094,"date":"2025-04-05T18:32:31","date_gmt":"2025-04-05T21:32:31","guid":{"rendered":"https:\/\/mundodocarnaval.com.br\/?p=2094"},"modified":"2025-04-05T18:34:25","modified_gmt":"2025-04-05T21:34:25","slug":"mayara-lima-lota-mais-de-15-turmas-em-tour-de-workshops-de-samba-no-pe-na-europa","status":"publish","type":"post","link":"https:\/\/mundodocarnaval.com.br\/pt_br\/mayara-lima-lota-mais-de-15-turmas-em-tour-de-workshops-de-samba-no-pe-na-europa\/","title":{"rendered":"Mayara Lima lota mais de 15 turmas em tour de workshops de samba no p\u00e9 na Europa"},"content":{"rendered":"<p>Mayara Lima lota mais de 15 turmas em tour de workshops de samba no p\u00e9 na Europa<br \/>\nAo todo, ser\u00e3o mais de 500 alunas em seis pa\u00edses<\/p>\n<p>A rainha de bateria do Tuiuti, Mayara Lima, embarcar\u00e1 neste m\u00eas para um tour internacional de workshops. Durante aproximadamente um m\u00eas, a dan\u00e7arina ministrar\u00e1 aulas em nove cidades de seis pa\u00edses da Europa.<\/p>\n<p>Todas as turmas est\u00e3o lotadas, somando mais de 500 alunas na Inglaterra, Fran\u00e7a, Su\u00ed\u00e7a, Alemanha, B\u00e9lgica e Portugal. No pa\u00eds lusitano, a procura foi tanta que, em breve, ser\u00e3o abertas mais duas turmas para absorver a demanda. Al\u00e9m disso, Mayara ainda ministrar\u00e1 20 aulas privadas.<\/p>\n<p>\u201cSou professora formada, e lecionar \u00e9 uma das minhas maiores paix\u00f5es. Sambar \u00e9 a minha vida\u2014 foi atrav\u00e9s do Carnaval que constru\u00ed minha carreira e minha fam\u00edlia. Quando dou aulas, sinto que estou unindo essas duas paix\u00f5es. \u00c9 uma alegria imensa poder compartilhar meu conhecimento, minha experi\u00eancia e tudo o que o Carnaval me ensinou ao longo dos anos\u201d, afirmou Mayara, que j\u00e1 deu aulas para nomes como Lore Improta, Pocah, Brunna Gon\u00e7alves, Thelminha e Gabi Martins.<\/p>\n<p>Os workshops incluem t\u00e9cnicas para o aprimoramento do samba no p\u00e9, abordando movimenta\u00e7\u00e3o de bra\u00e7os e quadril, al\u00e9m de coreografias e bossas.<\/p>\n<p>Sobre Mayara Lima<br \/>\nAos 27 anos, Mayara Lima se consagrou como um dos grandes nomes do Carnaval carioca. Nascida na Cidade de Deus, foi no Para\u00edso do Tuiuti, a cerca de 20 quil\u00f4metros dali, que construiu sua hist\u00f3ria e sua carreira. Seu talento \u00fanico ganhou os holofotes quando, em 2022, um v\u00eddeo sambando no ensaio de bateria viralizou nas redes sociais, impressionando o p\u00fablico pela sincronia com a bateria Super Som. O sucesso foi tanto que Mayara se tornou rainha da bateria da escola de S\u00e3o Crist\u00f3v\u00e3o.<\/p>\n<p>Mas, sua conex\u00e3o com o Tuiuti come\u00e7ou bem antes. Ainda na adolesc\u00eancia, ingressou como passista da escola, onde brilhou por nove anos at\u00e9 se tornar princesa e, em seguida, rainha de bateria. Atualmente, j\u00e1 est\u00e1 h\u00e1 tr\u00eas anos na fun\u00e7\u00e3o, exercendo a miss\u00e3o de resgatar a ess\u00eancia do samba no p\u00e9.<\/p>\n<p>Fora da avenida, Mayara se desdobra entre a maternidade \u2013 \u00e9 m\u00e3e de um menino de seis anos \u2013, a intensa rotina de treinos para manter o condicionamento f\u00edsico e as aulas de samba no p\u00e9.<\/p>\n<p>Datas e locais dos workshops:<br \/>\nLondres, Inglaterra &#8211; 15 a 19 de abril<br \/>\nParis, Fran\u00e7a \u2013 20 a 23 de abril<br \/>\nN\u00eemes, Fran\u00e7a &#8211;  24 de abril<br \/>\nLausanne, Su\u00ed\u00e7a \u2013  25 a 27 de abril<br \/>\nCologne, Alemanha \u2013 28 a 30 de Abril<br \/>\nBruxelas, B\u00e9lgica \u2013 01 a 03 de Maio<br \/>\nMealhada, Portugal \u2013 04 de Maio<br \/>\nOvar, Portugal \u2013 05 de Maio<br \/>\nSesimbra, Portugal \u2013 06 de Maio<\/p>\n<p>Foto: Vitor Melo<\/p>\n\n\n<figure class=\"wp-block-gallery has-nested-images columns-default is-cropped wp-block-gallery-1 is-layout-flex wp-block-gallery-is-layout-flex\"><\/figure>\n\n\n\n<figure class=\"wp-block-image\"><img fetchpriority=\"high\" decoding=\"async\" width=\"500\" height=\"333\" src=\"https:\/\/mundodocarnaval.com.br\/wp-content\/uploads\/2025\/04\/Foto_Vitor-Melo.jpg\" alt=\"\" class=\"wp-image-2095\" srcset=\"https:\/\/mundodocarnaval.com.br\/wp-content\/uploads\/2025\/04\/Foto_Vitor-Melo.jpg 500w, https:\/\/mundodocarnaval.com.br\/wp-content\/uploads\/2025\/04\/Foto_Vitor-Melo-300x200.jpg 300w, https:\/\/mundodocarnaval.com.br\/wp-content\/uploads\/2025\/04\/Foto_Vitor-Melo-18x12.jpg 18w\" sizes=\"(max-width: 500px) 100vw, 500px\" \/><\/figure>\n","protected":false},"excerpt":{"rendered":"<p>Mayara Lima lota mais de 15 turmas em tour de workshops de samba no p\u00e9 na Europa Ao todo, ser\u00e3o mais de 500 alunas em seis pa\u00edses A rainha de bateria do Tuiuti, Mayara Lima, embarcar\u00e1 neste m\u00eas para um tour internacional de workshops. Durante aproximadamente um m\u00eas, a dan\u00e7arina ministrar\u00e1 aulas em nove cidades [&hellip;]<\/p>\n","protected":false},"author":1,"featured_media":2095,"comment_status":"closed","ping_status":"","sticky":false,"template":"","format":"standard","meta":{"footnotes":""},"categories":[11],"tags":[151,155,153,154,159,152],"class_list":["post-2094","post","type-post","status-publish","format-standard","has-post-thumbnail","hentry","category-noticias","tag-carnaval","tag-intendente-magalhaes","tag-mundo-do-carnaval","tag-rio-de-janeiro","tag-samba","tag-sapucai"],"_links":{"self":[{"href":"https:\/\/mundodocarnaval.com.br\/pt_br\/wp-json\/wp\/v2\/posts\/2094","targetHints":{"allow":["GET"]}}],"collection":[{"href":"https:\/\/mundodocarnaval.com.br\/pt_br\/wp-json\/wp\/v2\/posts"}],"about":[{"href":"https:\/\/mundodocarnaval.com.br\/pt_br\/wp-json\/wp\/v2\/types\/post"}],"author":[{"embeddable":true,"href":"https:\/\/mundodocarnaval.com.br\/pt_br\/wp-json\/wp\/v2\/users\/1"}],"replies":[{"embeddable":true,"href":"https:\/\/mundodocarnaval.com.br\/pt_br\/wp-json\/wp\/v2\/comments?post=2094"}],"version-history":[{"count":2,"href":"https:\/\/mundodocarnaval.com.br\/pt_br\/wp-json\/wp\/v2\/posts\/2094\/revisions"}],"predecessor-version":[{"id":2098,"href":"https:\/\/mundodocarnaval.com.br\/pt_br\/wp-json\/wp\/v2\/posts\/2094\/revisions\/2098"}],"wp:featuredmedia":[{"embeddable":true,"href":"https:\/\/mundodocarnaval.com.br\/pt_br\/wp-json\/wp\/v2\/media\/2095"}],"wp:attachment":[{"href":"https:\/\/mundodocarnaval.com.br\/pt_br\/wp-json\/wp\/v2\/media?parent=2094"}],"wp:term":[{"taxonomy":"category","embeddable":true,"href":"https:\/\/mundodocarnaval.com.br\/pt_br\/wp-json\/wp\/v2\/categories?post=2094"},{"taxonomy":"post_tag","embeddable":true,"href":"https:\/\/mundodocarnaval.com.br\/pt_br\/wp-json\/wp\/v2\/tags?post=2094"}],"curies":[{"name":"wp","href":"https:\/\/api.w.org\/{rel}","templated":true}]}}