{"id":2274,"date":"2025-04-07T00:57:47","date_gmt":"2025-04-07T03:57:47","guid":{"rendered":"https:\/\/mundodocarnaval.com.br\/?p=2274"},"modified":"2025-04-07T00:57:47","modified_gmt":"2025-04-07T03:57:47","slug":"puxadores-do-samba-abrem-vendas-de-ingresso-para-roda-de-jorge","status":"publish","type":"post","link":"https:\/\/mundodocarnaval.com.br\/pt_br\/puxadores-do-samba-abrem-vendas-de-ingresso-para-roda-de-jorge\/","title":{"rendered":"Puxadores do Samba abrem vendas de ingresso para Roda de Jorge"},"content":{"rendered":"<p>Puxadores do Samba abrem vendas de ingresso para Roda de Jorge<br \/>\nVig\u00edlia ser\u00e1 realizada na v\u00e9spera do feriado, no Sambola Hall, com mais de cinco horas de samba e pagode<\/p>\n<p>Os Puxadores do Samba divulgaram neste s\u00e1bado (05) a abertura das vendas de ingresso para a Roda de Jorge, evento em homenagem a S\u00e3o Jorge que acontecer\u00e1 em 22 de abril \u00e0s 21h no Sambola Hall.<\/p>\n<p>Comandada por cinco grandes vozes do samba \u2014 Tinga, Marquinhos Art\u2019Samba, Serginho do Porto, Wantuir e Bruno Ribas \u2014 a vig\u00edlia contar\u00e1 com mais de cinco horas de samba e pagode, em um clima de celebra\u00e7\u00e3o, f\u00e9 e gratid\u00e3o.<\/p>\n<p>\u201cO p\u00fablico pediu muito e n\u00f3s fizemos quest\u00e3o de atender! Vai ser um momento de renovar as energias e agradecer a S\u00e3o Jorge pela prote\u00e7\u00e3o\u201d, afirmou Serginho do Porto.<\/p>\n<p>Os ingressos j\u00e1 est\u00e3o dispon\u00edveis na plataforma Sympla, com valores a partir de R$ 10 (individual). Tamb\u00e9m h\u00e1 op\u00e7\u00e3o de mesa com quatro lugares por R$ 100.<\/p>\n<p>Sobre os Puxadores do Samba<br \/>\nO grupo Puxadores do Samba surgiu no p\u00f3s-Carnaval de 1999, sob a lideran\u00e7a do saudoso Dominguinhos do Est\u00e1cio, reunindo grandes vozes como Jackson Martins, Preto J\u00f3ia, Serginho do Porto e Wantuir.<\/p>\n<p>Ap\u00f3s um hiato de mais de 20 anos, Serginho e Wantuir se juntam aos renomados int\u00e9rpretes Tinga, Marquinho Art\u2019Samba e Bruno Ribas para trazer o projeto de volta com for\u00e7a total. Mantendo a ess\u00eancia de sua cria\u00e7\u00e3o, o Puxadores do Samba segue provando que os int\u00e9rpretes de samba-enredo t\u00eam a versatilidade e o talento necess\u00e1rios para transitar brilhantemente por diversos g\u00eaneros musicais.<\/p>\n<p>Al\u00e9m disso, o grupo, por meio da ASSINCARJ (Associa\u00e7\u00e3o dos Int\u00e9rpretes do Carnaval do Rio de Janeiro), tem como miss\u00e3o garantir melhores condi\u00e7\u00f5es para os int\u00e9rpretes do Carnaval. Com mais de 120 membros, a associa\u00e7\u00e3o oferece apoio em diversas \u00e1reas, incluindo produ\u00e7\u00e3o de eventos, emiss\u00e3o de nota fiscal e plano de sa\u00fade.<\/p>\n<p>Cr\u00e9ditos: Divulga\u00e7\u00e3o\/Puxadores do Samba<\/p>\n\n\n<figure class=\"wp-block-gallery has-nested-images columns-default is-cropped wp-block-gallery-1 is-layout-flex wp-block-gallery-is-layout-flex\"><\/figure>\n\n\n\n<figure class=\"wp-block-gallery has-nested-images columns-default is-cropped wp-block-gallery-2 is-layout-flex wp-block-gallery-is-layout-flex\"><\/figure>\n\n\n\n\n\n\n\n<figure class=\"wp-block-gallery has-nested-images columns-default is-cropped wp-block-gallery-3 is-layout-flex wp-block-gallery-is-layout-flex\"><\/figure>\n","protected":false},"excerpt":{"rendered":"<p>Puxadores do Samba abrem vendas de ingresso para Roda de Jorge Vig\u00edlia ser\u00e1 realizada na v\u00e9spera do feriado, no Sambola Hall, com mais de cinco horas de samba e pagode Os Puxadores do Samba divulgaram neste s\u00e1bado (05) a abertura das vendas de ingresso para a Roda de Jorge, evento em homenagem a S\u00e3o Jorge [&hellip;]<\/p>\n","protected":false},"author":1,"featured_media":2275,"comment_status":"closed","ping_status":"closed","sticky":false,"template":"","format":"standard","meta":{"footnotes":""},"categories":[11],"tags":[151,155,153,154,159,152],"class_list":["post-2274","post","type-post","status-publish","format-standard","has-post-thumbnail","hentry","category-noticias","tag-carnaval","tag-intendente-magalhaes","tag-mundo-do-carnaval","tag-rio-de-janeiro","tag-samba","tag-sapucai"],"_links":{"self":[{"href":"https:\/\/mundodocarnaval.com.br\/pt_br\/wp-json\/wp\/v2\/posts\/2274","targetHints":{"allow":["GET"]}}],"collection":[{"href":"https:\/\/mundodocarnaval.com.br\/pt_br\/wp-json\/wp\/v2\/posts"}],"about":[{"href":"https:\/\/mundodocarnaval.com.br\/pt_br\/wp-json\/wp\/v2\/types\/post"}],"author":[{"embeddable":true,"href":"https:\/\/mundodocarnaval.com.br\/pt_br\/wp-json\/wp\/v2\/users\/1"}],"replies":[{"embeddable":true,"href":"https:\/\/mundodocarnaval.com.br\/pt_br\/wp-json\/wp\/v2\/comments?post=2274"}],"version-history":[{"count":1,"href":"https:\/\/mundodocarnaval.com.br\/pt_br\/wp-json\/wp\/v2\/posts\/2274\/revisions"}],"predecessor-version":[{"id":2277,"href":"https:\/\/mundodocarnaval.com.br\/pt_br\/wp-json\/wp\/v2\/posts\/2274\/revisions\/2277"}],"wp:featuredmedia":[{"embeddable":true,"href":"https:\/\/mundodocarnaval.com.br\/pt_br\/wp-json\/wp\/v2\/media\/2275"}],"wp:attachment":[{"href":"https:\/\/mundodocarnaval.com.br\/pt_br\/wp-json\/wp\/v2\/media?parent=2274"}],"wp:term":[{"taxonomy":"category","embeddable":true,"href":"https:\/\/mundodocarnaval.com.br\/pt_br\/wp-json\/wp\/v2\/categories?post=2274"},{"taxonomy":"post_tag","embeddable":true,"href":"https:\/\/mundodocarnaval.com.br\/pt_br\/wp-json\/wp\/v2\/tags?post=2274"}],"curies":[{"name":"wp","href":"https:\/\/api.w.org\/{rel}","templated":true}]}}