{"id":2280,"date":"2025-04-07T01:10:16","date_gmt":"2025-04-07T04:10:16","guid":{"rendered":"https:\/\/mundodocarnaval.com.br\/?p=2280"},"modified":"2025-04-07T01:16:43","modified_gmt":"2025-04-07T04:16:43","slug":"julinho-fonseca-e-o-novo-diretor-geral-de-carnaval-da-inocentes-de-belford-roxo","status":"publish","type":"post","link":"https:\/\/mundodocarnaval.com.br\/pt_br\/julinho-fonseca-e-o-novo-diretor-geral-de-carnaval-da-inocentes-de-belford-roxo\/","title":{"rendered":"Julinho Fonseca \u00e9 o novo diretor geral de Carnaval da Inocentes de Belford Roxo"},"content":{"rendered":"<p>A azul, vermelho e branco de Belford Roxo contratou, na tarde de sexta-feira (04), Julinho Fonseca como o novo diretor geral de Carnaval, para o desfile de 2026. A convite dos presidentes de Honra, Reginaldo Gomes e Rodrigo Gomes.<br \/>\n\u201cEstou honrado pelo convite e entusiasmado com o novo projeto que a presid\u00eancia da Inocentes de Belford Roxo come\u00e7ou a organizar para o carnaval de 2026, que tem como tema Pernambuco.  Assumo o compromisso de fazer um trabalho vencedor, como a comunidade de Belford Roxo merece. Obrigado Reginaldo e Rodrigo por confiarem em mim nessa importante miss\u00e3o, Quero que a Inocentes levante o trof\u00e9u de campe\u00e3o!&#8221; disse o novo diretor de Carnaval da Inocentes de Belford Roxo, Julinho Fonseca.<br \/>\nA trajet\u00f3ria de Julinho come\u00e7ou na Est\u00e1cio de S\u00e1, com passagens, em v\u00e1rias agremia\u00e7\u00f5es como: Renascer de Jacarepagu\u00e1, Imp\u00e9rio Serrano, Vila Isabel, Imperatriz Leopoldinense e atualmente \u00e9 diretor de Harmonia da Portela.<br \/>\n\u201cJulinho veio para somar com a nossa escola, sendo um profissional competente, agregador e com vasta experi\u00eancia. Quero agradecer ao amigo Saulo Tinoco, que faz parte da hist\u00f3ria da Inocentes. E d\u00e1 as boas-vindas ao novo diretor geral de Carnaval! finalizou o presidente Reginaldo Gomes.<br \/>\nJulinho Fonseca, na pr\u00f3xima semana ir\u00e1 realizar uma reuni\u00e3o com alguns segmentos da Ca\u00e7ulinha da Baixada.<\/p>\n<p>Foto (fot\u00f3grafo Matheus Sanches) 1: Julinho Fonseca<br \/>\nFoto (fot\u00f3grafo Matheus Sanches) 2: Reginaldo Gomes, Julinho Fonseca e Rodrigo Gomes<\/p>\n","protected":false},"excerpt":{"rendered":"<p>A azul, vermelho e branco de Belford Roxo contratou, na tarde de sexta-feira (04), Julinho Fonseca como o novo diretor geral de Carnaval, para o desfile de 2026. A convite dos presidentes de Honra, Reginaldo Gomes e Rodrigo Gomes. \u201cEstou honrado pelo convite e entusiasmado com o novo projeto que a presid\u00eancia da Inocentes de [&hellip;]<\/p>\n","protected":false},"author":1,"featured_media":2281,"comment_status":"closed","ping_status":"closed","sticky":false,"template":"","format":"standard","meta":{"footnotes":""},"categories":[13],"tags":[151,155,153,154,159,152],"class_list":["post-2280","post","type-post","status-publish","format-standard","has-post-thumbnail","hentry","category-fashion","tag-carnaval","tag-intendente-magalhaes","tag-mundo-do-carnaval","tag-rio-de-janeiro","tag-samba","tag-sapucai"],"_links":{"self":[{"href":"https:\/\/mundodocarnaval.com.br\/pt_br\/wp-json\/wp\/v2\/posts\/2280","targetHints":{"allow":["GET"]}}],"collection":[{"href":"https:\/\/mundodocarnaval.com.br\/pt_br\/wp-json\/wp\/v2\/posts"}],"about":[{"href":"https:\/\/mundodocarnaval.com.br\/pt_br\/wp-json\/wp\/v2\/types\/post"}],"author":[{"embeddable":true,"href":"https:\/\/mundodocarnaval.com.br\/pt_br\/wp-json\/wp\/v2\/users\/1"}],"replies":[{"embeddable":true,"href":"https:\/\/mundodocarnaval.com.br\/pt_br\/wp-json\/wp\/v2\/comments?post=2280"}],"version-history":[{"count":1,"href":"https:\/\/mundodocarnaval.com.br\/pt_br\/wp-json\/wp\/v2\/posts\/2280\/revisions"}],"predecessor-version":[{"id":2283,"href":"https:\/\/mundodocarnaval.com.br\/pt_br\/wp-json\/wp\/v2\/posts\/2280\/revisions\/2283"}],"wp:featuredmedia":[{"embeddable":true,"href":"https:\/\/mundodocarnaval.com.br\/pt_br\/wp-json\/wp\/v2\/media\/2281"}],"wp:attachment":[{"href":"https:\/\/mundodocarnaval.com.br\/pt_br\/wp-json\/wp\/v2\/media?parent=2280"}],"wp:term":[{"taxonomy":"category","embeddable":true,"href":"https:\/\/mundodocarnaval.com.br\/pt_br\/wp-json\/wp\/v2\/categories?post=2280"},{"taxonomy":"post_tag","embeddable":true,"href":"https:\/\/mundodocarnaval.com.br\/pt_br\/wp-json\/wp\/v2\/tags?post=2280"}],"curies":[{"name":"wp","href":"https:\/\/api.w.org\/{rel}","templated":true}]}}