{"id":2297,"date":"2025-04-08T20:34:50","date_gmt":"2025-04-08T23:34:50","guid":{"rendered":"https:\/\/mundodocarnaval.com.br\/?p=2297"},"modified":"2025-04-08T20:41:44","modified_gmt":"2025-04-08T23:41:44","slug":"coreografo-marcelo-misailidis-prestigia-estreia-vip-de-chato-e-os-diarios-associados-100-anos-de-uma-paixao","status":"publish","type":"post","link":"https:\/\/mundodocarnaval.com.br\/pt_br\/coreografo-marcelo-misailidis-prestigia-estreia-vip-de-chato-e-os-diarios-associados-100-anos-de-uma-paixao\/","title":{"rendered":"Core\u00f3grafo Marcelo Misailidis prestigia estreia VIP de \u201cChato e os Di\u00e1rios Associados: 100 anos de uma paix\u00e3o\u201d"},"content":{"rendered":"<p>Core\u00f3grafo Marcelo Misailidis prestigia estreia VIP de \u201cChato e os Di\u00e1rios Associados: 100 anos de uma paix\u00e3o\u201d<\/p>\n<p>Na noite do \u00faltimo s\u00e1bado, 5 de abril, o renomado core\u00f3grafo e bailarino Marcelo Misailidis marcou presen\u00e7a na estreia VIP do espet\u00e1culo Chato e os Di\u00e1rios Associados: 100 anos de uma paix\u00e3o. A noite foi de emo\u00e7\u00e3o em dobro: al\u00e9m de celebrar uma produ\u00e7\u00e3o que homenageia a hist\u00f3ria da imprensa brasileira, Misailidis foi ao teatro para prestigiar a filha, que interpreta ningu\u00e9m menos que a eterna Hebe Camargo.<\/p>\n<p>Discreto e elegante, Marcelo (que ganhou o pr\u00eamio estandarte de ouro de melhor comiss\u00e3o de frente este ano) acompanhou atento a apresenta\u00e7\u00e3o e, ao final, foi s\u00f3 orgulho ao cumprimentar a filha. O espet\u00e1culo celebra o centen\u00e1rio dos Di\u00e1rios Associados, grupo fundado por Assis Chateaubriand, e re\u00fane momentos marcantes da trajet\u00f3ria da comunica\u00e7\u00e3o no pa\u00eds, com dire\u00e7\u00e3o primorosa e elenco afiado.<\/p>\n<p>Na foto, da esquerda para a direita: Marcelo Misailidis, Tadeu Aguiar, diretor do espet\u00e1culo, Paulo Newton e Dani Uhebe (esposa de Marcelo). <\/p>\n<p>*Cr\u00e9ditos da foto: Carlos Costa<\/p>\n\n\n\n\n<figure class=\"wp-block-gallery has-nested-images columns-default is-cropped wp-block-gallery-1 is-layout-flex wp-block-gallery-is-layout-flex\"><\/figure>\n","protected":false},"excerpt":{"rendered":"<p>Core\u00f3grafo Marcelo Misailidis prestigia estreia VIP de \u201cChato e os Di\u00e1rios Associados: 100 anos de uma paix\u00e3o\u201d Na noite do \u00faltimo s\u00e1bado, 5 de abril, o renomado core\u00f3grafo e bailarino Marcelo Misailidis marcou presen\u00e7a na estreia VIP do espet\u00e1culo Chato e os Di\u00e1rios Associados: 100 anos de uma paix\u00e3o. A noite foi de emo\u00e7\u00e3o em [&hellip;]<\/p>\n","protected":false},"author":1,"featured_media":2298,"comment_status":"closed","ping_status":"closed","sticky":false,"template":"","format":"standard","meta":{"footnotes":""},"categories":[11],"tags":[151,155,153,154,159,152],"class_list":["post-2297","post","type-post","status-publish","format-standard","has-post-thumbnail","hentry","category-noticias","tag-carnaval","tag-intendente-magalhaes","tag-mundo-do-carnaval","tag-rio-de-janeiro","tag-samba","tag-sapucai"],"_links":{"self":[{"href":"https:\/\/mundodocarnaval.com.br\/pt_br\/wp-json\/wp\/v2\/posts\/2297","targetHints":{"allow":["GET"]}}],"collection":[{"href":"https:\/\/mundodocarnaval.com.br\/pt_br\/wp-json\/wp\/v2\/posts"}],"about":[{"href":"https:\/\/mundodocarnaval.com.br\/pt_br\/wp-json\/wp\/v2\/types\/post"}],"author":[{"embeddable":true,"href":"https:\/\/mundodocarnaval.com.br\/pt_br\/wp-json\/wp\/v2\/users\/1"}],"replies":[{"embeddable":true,"href":"https:\/\/mundodocarnaval.com.br\/pt_br\/wp-json\/wp\/v2\/comments?post=2297"}],"version-history":[{"count":1,"href":"https:\/\/mundodocarnaval.com.br\/pt_br\/wp-json\/wp\/v2\/posts\/2297\/revisions"}],"predecessor-version":[{"id":2299,"href":"https:\/\/mundodocarnaval.com.br\/pt_br\/wp-json\/wp\/v2\/posts\/2297\/revisions\/2299"}],"wp:featuredmedia":[{"embeddable":true,"href":"https:\/\/mundodocarnaval.com.br\/pt_br\/wp-json\/wp\/v2\/media\/2298"}],"wp:attachment":[{"href":"https:\/\/mundodocarnaval.com.br\/pt_br\/wp-json\/wp\/v2\/media?parent=2297"}],"wp:term":[{"taxonomy":"category","embeddable":true,"href":"https:\/\/mundodocarnaval.com.br\/pt_br\/wp-json\/wp\/v2\/categories?post=2297"},{"taxonomy":"post_tag","embeddable":true,"href":"https:\/\/mundodocarnaval.com.br\/pt_br\/wp-json\/wp\/v2\/tags?post=2297"}],"curies":[{"name":"wp","href":"https:\/\/api.w.org\/{rel}","templated":true}]}}