{"id":2301,"date":"2025-04-08T21:09:26","date_gmt":"2025-04-09T00:09:26","guid":{"rendered":"https:\/\/mundodocarnaval.com.br\/?p=2301"},"modified":"2025-04-08T22:18:07","modified_gmt":"2025-04-09T01:18:07","slug":"lona-ifa-lukumi-e-o-titulo-do-enredo-do-tuiuti-para-o-carnaval-2026","status":"publish","type":"post","link":"https:\/\/mundodocarnaval.com.br\/pt_br\/lona-ifa-lukumi-e-o-titulo-do-enredo-do-tuiuti-para-o-carnaval-2026\/","title":{"rendered":"&#8216;Lon\u00e3 If\u00e1 Lukumi&#8217; \u00e9 o t\u00edtulo do enredo do Tuiuti para o Carnaval 2026"},"content":{"rendered":"<p>&#8216;Lon\u00e3 If\u00e1 Lukumi&#8217; \u00e9 o t\u00edtulo do enredo do Tuiuti para o Carnaval 2026<br \/>\nAgremia\u00e7\u00e3o apresentou ainda as novidades da pr\u00f3xima temporada<\/p>\n<p>\u201cLon\u00e3 If\u00e1 Lukumi\u201d \u00e9 o t\u00edtulo do enredo do Para\u00edso do Tuiuti para o Carnaval 2026. A agremia\u00e7\u00e3o de S\u00e3o Crist\u00f3v\u00e3o, na Zona Norte do Rio, vai levar para a Marqu\u00eas de Sapuca\u00ed a hist\u00f3ria de uma vertente religiosa afro-cubana que vem sendo redescoberta no Brasil. O tema ser\u00e1 desenvolvido pelo carnavalesco Jack Vasconcelos.<\/p>\n<p>A sinopse e a logo do enredo ser\u00e3o divulgadas no pr\u00f3ximo m\u00eas.<\/p>\n<p>O an\u00fancio foi feito na tarde deste domingo (06) durante evento em comemora\u00e7\u00e3o aos 73 anos do Tuiuti. A festa contou ainda com a apresenta\u00e7\u00e3o do novo primeiro casal de mestre-sala e porta-bandeira da escola, Vinicius Antunes e Rebeca Tito. A dan\u00e7arina se emocionou no palco.<\/p>\n<p>&#8220;Quero agradecer a Deus, ao meu presidente Renato Thor, e minha av\u00f3. Foi ela quem me trouxe ao Tuiuti. \u00c9 para voc\u00ea, v\u00f3!&#8221;, disse Rebeca.<\/p>\n<p>Outras novidades<\/p>\n<p>Para comandar a comiss\u00e3o de frente, o Tuiuti contratou o experiente core\u00f3grafo David Lima. Ele vai para o 19\u00b0 carnaval no quesito, tendo sido campe\u00e3o pela Unidos de Padre Miguel em 2024, al\u00e9m de colecionar diversos pr\u00eamios. Neste ano, David fez a coreografia do carro abre-alas da azul e amarelo de S\u00e3o Crist\u00f3v\u00e3o.<\/p>\n<p>Rodrigo Soares e Andrezinho ficar\u00e3o respons\u00e1veis pela Dire\u00e7\u00e3o de Harmonia. Para a Dire\u00e7\u00e3o de Carnaval, a agremia\u00e7\u00e3o trouxe de volta um &#8220;prata da casa&#8221;: Leandro Azevedo. <\/p>\n<p>Fotos: Divulga\u00e7\u00e3o<\/p>\n\n\n<figure class=\"wp-block-gallery has-nested-images columns-default is-cropped wp-block-gallery-1 is-layout-flex wp-block-gallery-is-layout-flex\"><\/figure>\n","protected":false},"excerpt":{"rendered":"<p>&#8216;Lon\u00e3 If\u00e1 Lukumi&#8217; \u00e9 o t\u00edtulo do enredo do Tuiuti para o Carnaval 2026 Agremia\u00e7\u00e3o apresentou ainda as novidades da pr\u00f3xima temporada \u201cLon\u00e3 If\u00e1 Lukumi\u201d \u00e9 o t\u00edtulo do enredo do Para\u00edso do Tuiuti para o Carnaval 2026. A agremia\u00e7\u00e3o de S\u00e3o Crist\u00f3v\u00e3o, na Zona Norte do Rio, vai levar para a Marqu\u00eas de Sapuca\u00ed [&hellip;]<\/p>\n","protected":false},"author":1,"featured_media":2302,"comment_status":"closed","ping_status":"closed","sticky":false,"template":"","format":"standard","meta":{"footnotes":""},"categories":[12],"tags":[151,155,153,154,159,152],"class_list":["post-2301","post","type-post","status-publish","format-standard","has-post-thumbnail","hentry","category-grupo-especial","tag-carnaval","tag-intendente-magalhaes","tag-mundo-do-carnaval","tag-rio-de-janeiro","tag-samba","tag-sapucai"],"_links":{"self":[{"href":"https:\/\/mundodocarnaval.com.br\/pt_br\/wp-json\/wp\/v2\/posts\/2301","targetHints":{"allow":["GET"]}}],"collection":[{"href":"https:\/\/mundodocarnaval.com.br\/pt_br\/wp-json\/wp\/v2\/posts"}],"about":[{"href":"https:\/\/mundodocarnaval.com.br\/pt_br\/wp-json\/wp\/v2\/types\/post"}],"author":[{"embeddable":true,"href":"https:\/\/mundodocarnaval.com.br\/pt_br\/wp-json\/wp\/v2\/users\/1"}],"replies":[{"embeddable":true,"href":"https:\/\/mundodocarnaval.com.br\/pt_br\/wp-json\/wp\/v2\/comments?post=2301"}],"version-history":[{"count":2,"href":"https:\/\/mundodocarnaval.com.br\/pt_br\/wp-json\/wp\/v2\/posts\/2301\/revisions"}],"predecessor-version":[{"id":2306,"href":"https:\/\/mundodocarnaval.com.br\/pt_br\/wp-json\/wp\/v2\/posts\/2301\/revisions\/2306"}],"wp:featuredmedia":[{"embeddable":true,"href":"https:\/\/mundodocarnaval.com.br\/pt_br\/wp-json\/wp\/v2\/media\/2302"}],"wp:attachment":[{"href":"https:\/\/mundodocarnaval.com.br\/pt_br\/wp-json\/wp\/v2\/media?parent=2301"}],"wp:term":[{"taxonomy":"category","embeddable":true,"href":"https:\/\/mundodocarnaval.com.br\/pt_br\/wp-json\/wp\/v2\/categories?post=2301"},{"taxonomy":"post_tag","embeddable":true,"href":"https:\/\/mundodocarnaval.com.br\/pt_br\/wp-json\/wp\/v2\/tags?post=2301"}],"curies":[{"name":"wp","href":"https:\/\/api.w.org\/{rel}","templated":true}]}}