{"id":2307,"date":"2025-04-08T22:43:04","date_gmt":"2025-04-09T01:43:04","guid":{"rendered":"https:\/\/mundodocarnaval.com.br\/?p=2307"},"modified":"2025-04-08T23:14:04","modified_gmt":"2025-04-09T02:14:04","slug":"flavio-azevedo-e-o-novo-diretor-de-carnaval-da-botafogo-samba-clube","status":"publish","type":"post","link":"https:\/\/mundodocarnaval.com.br\/pt_br\/flavio-azevedo-e-o-novo-diretor-de-carnaval-da-botafogo-samba-clube\/","title":{"rendered":"Fl\u00e1vio Azevedo \u00e9 o novo Diretor de Carnaval da Botafogo Samba Clube"},"content":{"rendered":"<p>Fl\u00e1vio Azevedo \u00e9 o novo Diretor de Carnaval da Botafogo Samba Clube<\/p>\n<p>Refor\u00e7ando seu time para o segundo desfile na Marqu\u00eas de Sapuca\u00ed, a Botafogo Samba Clube anunciou a chegada de Fl\u00e1vio Azevedo para assumir a Dire\u00e7\u00e3o de Carnaval da agremia\u00e7\u00e3o. A escola de samba alvinegra contar\u00e1 com toda a experi\u00eancia do profissional, que chega com todo g\u00e1s na equipe de 2026 para o pr\u00f3ximo desfile.<\/p>\n<p>Apaixonado pela folia, Fl\u00e1vio come\u00e7ou sua trajet\u00f3ria no carnaval desfilando na ala das crian\u00e7as na Em Cima da Hora. Tamb\u00e9m tem passagens por comiss\u00f5es de frente, bateria e alas da comunidade. Em 2017 assumiu a Dire\u00e7\u00e3o de Carnaval da Alegria da Zona Sul e passou pela Em Cima da Hora e Vig\u00e1rio Geral.<\/p>\n<p>&#8211; Minha expectativa com a Botafogo Samba Clube \u00e9 a melhor poss\u00edvel. Um projeto grande, uma escola emergente, uma escola que tem uma estrutura de diretoria muito forte, muito apaixonada pelas cores e pela bandeira da Botafogo. Isso faz com que o trabalho seja simplificado, porque todos que est\u00e3o dentro do trabalho s\u00e3o apaixonados pelo pavilh\u00e3o, ent\u00e3o isso vai fazer com que a gente consiga fazer um grande trabalho \u2013 revela o Diretor.<\/p>\n<p>Na equipe de 2026, a escola j\u00e1 anunciou a chegada do Mestre Marfim, o Int\u00e9rprete N\u00eago, os Carnavalescos Alexandre Rangel e Raphael Torres, al\u00e9m das renova\u00e7\u00f5es do Primeiro casal Diego e Beatriz, e do Diretor da ala de passistas Isael Barbosa.<\/p>\n\n\n<figure class=\"wp-block-gallery has-nested-images columns-default is-cropped wp-block-gallery-1 is-layout-flex wp-block-gallery-is-layout-flex\"><\/figure>\n\n\n\n\n\n<figure class=\"wp-block-gallery has-nested-images columns-default is-cropped wp-block-gallery-2 is-layout-flex wp-block-gallery-is-layout-flex\"><\/figure>\n\n\n\n\n\n<figure class=\"wp-block-gallery has-nested-images columns-default is-cropped wp-block-gallery-3 is-layout-flex wp-block-gallery-is-layout-flex\"><\/figure>\n\n\n\n<figure class=\"wp-block-gallery has-nested-images columns-default is-cropped wp-block-gallery-4 is-layout-flex wp-block-gallery-is-layout-flex\"><\/figure>\n\n\n\n<figure class=\"wp-block-gallery has-nested-images columns-default is-cropped wp-block-gallery-5 is-layout-flex wp-block-gallery-is-layout-flex\"><\/figure>\n","protected":false},"excerpt":{"rendered":"<p>Fl\u00e1vio Azevedo \u00e9 o novo Diretor de Carnaval da Botafogo Samba Clube Refor\u00e7ando seu time para o segundo desfile na Marqu\u00eas de Sapuca\u00ed, a Botafogo Samba Clube anunciou a chegada de Fl\u00e1vio Azevedo para assumir a Dire\u00e7\u00e3o de Carnaval da agremia\u00e7\u00e3o. A escola de samba alvinegra contar\u00e1 com toda a experi\u00eancia do profissional, que chega [&hellip;]<\/p>\n","protected":false},"author":1,"featured_media":2310,"comment_status":"closed","ping_status":"closed","sticky":false,"template":"","format":"standard","meta":{"footnotes":""},"categories":[13],"tags":[151,155,153,154,159,152],"class_list":["post-2307","post","type-post","status-publish","format-standard","has-post-thumbnail","hentry","category-fashion","tag-carnaval","tag-intendente-magalhaes","tag-mundo-do-carnaval","tag-rio-de-janeiro","tag-samba","tag-sapucai"],"_links":{"self":[{"href":"https:\/\/mundodocarnaval.com.br\/pt_br\/wp-json\/wp\/v2\/posts\/2307","targetHints":{"allow":["GET"]}}],"collection":[{"href":"https:\/\/mundodocarnaval.com.br\/pt_br\/wp-json\/wp\/v2\/posts"}],"about":[{"href":"https:\/\/mundodocarnaval.com.br\/pt_br\/wp-json\/wp\/v2\/types\/post"}],"author":[{"embeddable":true,"href":"https:\/\/mundodocarnaval.com.br\/pt_br\/wp-json\/wp\/v2\/users\/1"}],"replies":[{"embeddable":true,"href":"https:\/\/mundodocarnaval.com.br\/pt_br\/wp-json\/wp\/v2\/comments?post=2307"}],"version-history":[{"count":3,"href":"https:\/\/mundodocarnaval.com.br\/pt_br\/wp-json\/wp\/v2\/posts\/2307\/revisions"}],"predecessor-version":[{"id":2315,"href":"https:\/\/mundodocarnaval.com.br\/pt_br\/wp-json\/wp\/v2\/posts\/2307\/revisions\/2315"}],"wp:featuredmedia":[{"embeddable":true,"href":"https:\/\/mundodocarnaval.com.br\/pt_br\/wp-json\/wp\/v2\/media\/2310"}],"wp:attachment":[{"href":"https:\/\/mundodocarnaval.com.br\/pt_br\/wp-json\/wp\/v2\/media?parent=2307"}],"wp:term":[{"taxonomy":"category","embeddable":true,"href":"https:\/\/mundodocarnaval.com.br\/pt_br\/wp-json\/wp\/v2\/categories?post=2307"},{"taxonomy":"post_tag","embeddable":true,"href":"https:\/\/mundodocarnaval.com.br\/pt_br\/wp-json\/wp\/v2\/tags?post=2307"}],"curies":[{"name":"wp","href":"https:\/\/api.w.org\/{rel}","templated":true}]}}