{"id":2316,"date":"2025-04-09T00:35:00","date_gmt":"2025-04-09T03:35:00","guid":{"rendered":"https:\/\/mundodocarnaval.com.br\/?p=2316"},"modified":"2025-04-09T10:07:32","modified_gmt":"2025-04-09T13:07:32","slug":"feijoada-do-salgueiro-retorna-em-abril-com-grupo-arruda-e-grupo-bom-astral","status":"publish","type":"post","link":"https:\/\/mundodocarnaval.com.br\/pt_br\/feijoada-do-salgueiro-retorna-em-abril-com-grupo-arruda-e-grupo-bom-astral\/","title":{"rendered":"Feijoada do Salgueiro retorna em abril com Grupo Arruda e Grupo Bom Astral"},"content":{"rendered":"<p>Feijoada do Salgueiro retorna em abril com Grupo Arruda e Grupo Bom Astral<\/p>\n<p>Cantor Renan Oliveira e Bateria Furiosa completam a lista de atra\u00e7\u00f5es<\/p>\n<p>O Carnaval acabou, mas a folia n\u00e3o para na Academia do Samba! No dia 13 de abril, segundo domingo do m\u00eas, a quadra do G.R.E.S. Acad\u00eamicos do Salgueiro, localizada na Rua Silva Teles, 104, no Andara\u00ed, ser\u00e1 palco de mais uma edi\u00e7\u00e3o da Feijoada do Salgueiro, considerada a mais amada do mundo do samba.<\/p>\n<p>Com in\u00edcio \u00e0s 13h, o evento promete reunir os apaixonados por samba e boa gastronomia em uma tarde inesquec\u00edvel, repleta de m\u00fasica, alegria e tradi\u00e7\u00e3o.<\/p>\n<p>A programa\u00e7\u00e3o musical est\u00e1 imperd\u00edvel: shows completos do cantor Renan Oliveira, do Grupo Arruda e do Grupo Bom Astral garantem o clima de festa do in\u00edcio ao fim. Entre as apresenta\u00e7\u00f5es, um DJ mant\u00e9m o p\u00fablico animado com ritmos variados.<\/p>\n<p>O encerramento fica por conta do consagrado Elenco Show do Salgueiro, sob dire\u00e7\u00e3o art\u00edstica de Carlinhos Salgueiro, e da poderosa Bateria Furiosa, comandada pelos mestres Guilherme e Gustavo, com os vocais de Igor Sorriso e o carro de som liderado por Alem\u00e3o do Cavaco.<\/p>\n<p>A tradicional feijoada ser\u00e1 servida pelas baianas da Academia do Samba, das 13h \u00e0s 17h, e os ingressos j\u00e1 est\u00e3o \u00e0 venda pelo site GuicheWeb, com os seguintes valores:<\/p>\n<p>Ingresso individual: a partir de R$ 50,00<\/p>\n<p>Jirau: a partir de R$ 70,00<\/p>\n<p>Mesa (4 lugares): a partir de R$ 240,00<\/p>\n<p>Camarote lateral (15 lugares): a partir de R$ 800,00<\/p>\n<p>Camarote frontal: R$ 900,00<\/p>\n<p>O evento conta com o patroc\u00ednio de grandes marcas como Perdig\u00e3o, Brahma, Guaracamp, Chinezinho, Pit\u00fa, FM O Dia, Fant\u00e1stico Alimentos, Equiloc Loca\u00e7\u00e3o, Mercado Flamar, 3 Cora\u00e7\u00f5es e Criar Sign.<\/p>\n<p>Servi\u00e7o:<br \/>\nFeijoada do Salgueiro \u2013 Abril 2025<br \/>\nData: 13 de abril de 2025 (domingo)<br \/>\nHor\u00e1rio: A partir das 13h<br \/>\nLocal: Quadra do Salgueiro \u2013 Rua Silva Teles, 104, Andara\u00ed \u2013 Rio de Janeiro<br \/>\nFeijoada: Servida das 13h \u00e0s 17h<br \/>\nIngressos: \u00c0 venda no site GuicheWeb<\/p>\n<p>Fotos: Anderson Borde<\/p>\n\n\n\n<figure class=\"wp-block-gallery has-nested-images columns-default is-cropped wp-block-gallery-1 is-layout-flex wp-block-gallery-is-layout-flex\"><\/figure>\n\n\n\n<figure class=\"wp-block-gallery has-nested-images columns-default is-cropped wp-block-gallery-2 is-layout-flex wp-block-gallery-is-layout-flex\"><\/figure>\n\n\n\n<figure class=\"wp-block-gallery has-nested-images columns-default is-cropped wp-block-gallery-3 is-layout-flex wp-block-gallery-is-layout-flex\"><\/figure>\n\n\n\n<figure class=\"wp-block-image\"><img fetchpriority=\"high\" decoding=\"async\" width=\"600\" height=\"400\" src=\"https:\/\/mundodocarnaval.com.br\/wp-content\/uploads\/2025\/04\/IMGL0012.jpg\" alt=\"\" class=\"wp-image-2319\" srcset=\"https:\/\/mundodocarnaval.com.br\/wp-content\/uploads\/2025\/04\/IMGL0012.jpg 600w, https:\/\/mundodocarnaval.com.br\/wp-content\/uploads\/2025\/04\/IMGL0012-300x200.jpg 300w, https:\/\/mundodocarnaval.com.br\/wp-content\/uploads\/2025\/04\/IMGL0012-18x12.jpg 18w\" sizes=\"(max-width: 600px) 100vw, 600px\" \/><\/figure>\n\n\n\n<figure class=\"wp-block-gallery has-nested-images columns-default is-cropped wp-block-gallery-4 is-layout-flex wp-block-gallery-is-layout-flex\"><\/figure>\n","protected":false},"excerpt":{"rendered":"<p>Feijoada do Salgueiro retorna em abril com Grupo Arruda e Grupo Bom Astral Cantor Renan Oliveira e Bateria Furiosa completam a lista de atra\u00e7\u00f5es O Carnaval acabou, mas a folia n\u00e3o para na Academia do Samba! No dia 13 de abril, segundo domingo do m\u00eas, a quadra do G.R.E.S. Acad\u00eamicos do Salgueiro, localizada na Rua [&hellip;]<\/p>\n","protected":false},"author":1,"featured_media":2317,"comment_status":"closed","ping_status":"closed","sticky":false,"template":"","format":"standard","meta":{"footnotes":""},"categories":[12],"tags":[151,155,153,154,159,152],"class_list":["post-2316","post","type-post","status-publish","format-standard","has-post-thumbnail","hentry","category-grupo-especial","tag-carnaval","tag-intendente-magalhaes","tag-mundo-do-carnaval","tag-rio-de-janeiro","tag-samba","tag-sapucai"],"_links":{"self":[{"href":"https:\/\/mundodocarnaval.com.br\/pt_br\/wp-json\/wp\/v2\/posts\/2316","targetHints":{"allow":["GET"]}}],"collection":[{"href":"https:\/\/mundodocarnaval.com.br\/pt_br\/wp-json\/wp\/v2\/posts"}],"about":[{"href":"https:\/\/mundodocarnaval.com.br\/pt_br\/wp-json\/wp\/v2\/types\/post"}],"author":[{"embeddable":true,"href":"https:\/\/mundodocarnaval.com.br\/pt_br\/wp-json\/wp\/v2\/users\/1"}],"replies":[{"embeddable":true,"href":"https:\/\/mundodocarnaval.com.br\/pt_br\/wp-json\/wp\/v2\/comments?post=2316"}],"version-history":[{"count":3,"href":"https:\/\/mundodocarnaval.com.br\/pt_br\/wp-json\/wp\/v2\/posts\/2316\/revisions"}],"predecessor-version":[{"id":2327,"href":"https:\/\/mundodocarnaval.com.br\/pt_br\/wp-json\/wp\/v2\/posts\/2316\/revisions\/2327"}],"wp:featuredmedia":[{"embeddable":true,"href":"https:\/\/mundodocarnaval.com.br\/pt_br\/wp-json\/wp\/v2\/media\/2317"}],"wp:attachment":[{"href":"https:\/\/mundodocarnaval.com.br\/pt_br\/wp-json\/wp\/v2\/media?parent=2316"}],"wp:term":[{"taxonomy":"category","embeddable":true,"href":"https:\/\/mundodocarnaval.com.br\/pt_br\/wp-json\/wp\/v2\/categories?post=2316"},{"taxonomy":"post_tag","embeddable":true,"href":"https:\/\/mundodocarnaval.com.br\/pt_br\/wp-json\/wp\/v2\/tags?post=2316"}],"curies":[{"name":"wp","href":"https:\/\/api.w.org\/{rel}","templated":true}]}}