{"id":2329,"date":"2025-04-09T10:20:58","date_gmt":"2025-04-09T13:20:58","guid":{"rendered":"https:\/\/mundodocarnaval.com.br\/?p=2329"},"modified":"2025-04-09T10:55:22","modified_gmt":"2025-04-09T13:55:22","slug":"carnavalescos-haddad-e-bora-relembram-aventura-inusitada-ao-recriar-fantasia-de-rosa-magalhaes-para-desfilar-na-surdina-nas-campeas-de-2013","status":"publish","type":"post","link":"https:\/\/mundodocarnaval.com.br\/pt_br\/carnavalescos-haddad-e-bora-relembram-aventura-inusitada-ao-recriar-fantasia-de-rosa-magalhaes-para-desfilar-na-surdina-nas-campeas-de-2013\/","title":{"rendered":"\u200bCarnavalescos Haddad e Bora relembram aventura inusitada ao recriar fantasia de Rosa Magalh\u00e3es para desfilar \u2018na surdina\u2019 nas Campe\u00e3s de 2013"},"content":{"rendered":"<p>Carnavalescos Haddad e Bora relembram aventura inusitada ao recriar fantasia de Rosa Magalh\u00e3es para desfilar \u2018na surdina\u2019 nas  Campe\u00e3s de 2013<\/p>\n<p>No dia em que a Unidos de Vila Isabel completou 79 anos (04\/04), os carnavalescos rec\u00e9m-contratados Gabriel Haddad e Leonardo Bora contaram sobre o antigo la\u00e7o que possuem com a tradicional escola carioca. Entre as diversas lembran\u00e7as compartilhadas com a agremia\u00e7\u00e3o, uma delas revela um epis\u00f3dio curioso envolvendo o desfile campe\u00e3o de 2013, ano em que a azul e branco do bairro de Noel levou para a Sapuca\u00ed o enredo \u201cA Vila canta o Brasil Celeiro do Mundo \u2013 \u00c1gua no Feij\u00e3o que Chegou Mais Um&#8230;\u201d, popularmente chamado de \u201cFesta no Arrai\u00e1\u201d.<\/p>\n<p>\u201cO ano era 2013 e eu queria muito desfilar na Vila. Foi um pr\u00e9-carnaval incr\u00edvel: ensaios lotados, o samba na boca do povo, a escola ainda muito empolgada com o desfile do ano anterior, sobre Angola. A carnavalesca era Rosa Magalh\u00e3es, a minha maior refer\u00eancia. Eu morava relativamente perto, na Tijuca, e queria participar de tudo, mas acabei me perdendo no tempo, n\u00e3o consegui me inscrever nas alas de comunidade e, por conta disso, n\u00e3o participei do desfile oficial. Eu, Gabriel (Haddad) e alguns amigos vimos o desfile da arquibancada do Setor 10. Quando o \u00faltimo carro passou, eu disse: \u2018a Vila vai ser campe\u00e3!\u2019. <\/p>\n<p>A previs\u00e3o se concretizou: a Vila conquistou o t\u00edtulo. E foi dali que surgiu uma ideia inusitada. \u201cDepois que sa\u00edmos da Sapuca\u00ed, na entrada do metr\u00f4 Pra\u00e7a XI, eu vi um peda\u00e7o de fantasia abandonado, encostado numa \u00e1rvore. Era uma estrutura circular de ferro decorada com muitas folhas verdes feitas de macarr\u00e3o de piscina. Essa estrutura sustentava uma nuvem de placa de acetato. N\u00e3o havia a cabe\u00e7a, a malha e os sapatos. N\u00e3o tive d\u00favidas: peguei aquele peda\u00e7o de fantasia e falei para o Gabriel: \u2018vou levar isso para casa, reformar o que est\u00e1 danificado, refazer o que est\u00e1 faltando e desfilar nas campe\u00e3s\u2019. Todos riram da ideia intempestiva, mas levei mesmo assim. Na quarta-feira, a Vila se sagrou campe\u00e3. Passei a quinta e a sexta confeccionando uma nova cabe\u00e7a e providenciando a malha e os sapatos\u201d, lembrou Leonardo Bora.<\/p>\n<p>O processo de restaura\u00e7\u00e3o aconteceu na casa de Gabriel Haddad. Juntos, os dois assistiram repetidamente aos v\u00eddeos do desfile original para reproduzir fielmente os detalhes da fantasia criada pela consagrada Rosa Magalh\u00e3es. \u201cDesde o momento em que o Leo encontrou a fantasia, eu achei que daria tudo errado. Eram elementos muito espec\u00edficos. Mas, no dia que ele foi ao Saara, e conseguiu comprar tudo que precisava, at\u00e9 eu me animei. Fomos para minha casa e come\u00e7amos a produzir, cortar os macarr\u00f5es de piscina no formato que est\u00e1vamos vendo nas fotos e nos v\u00eddeos publicados para montar o chap\u00e9u. Eu nunca tinha ouvido falar no caso de algu\u00e9m que reproduziu uma fantasia, que n\u00e3o fosse da pr\u00f3pria escola de samba, para desfilar.  Incentivei, mas ao mesmo tempo temia por n\u00e3o conseguir desfilar, dele ser barrado na entrada do desfile\u201d, disse Gabriel. <\/p>\n<p>No s\u00e1bado, ap\u00f3s algumas horas de trabalho, chegou o momento de Leo testar o \u201cdisfarce\u201d. \u201cCheguei na concentra\u00e7\u00e3o com medo de que o meu \u2018truque\u2019 fosse descoberto. Mas o novo chap\u00e9u havia ficado id\u00eantico aos demais chap\u00e9us da ala \u2013 ningu\u00e9m percebeu a \u2018pirataria\u2019\u201d, brincou. \u201cFiz a maquiagem, junto aos demais componentes, e encontrei o Vin\u00edcius Natal (atual pesquisador da Unidos de Vila Isabel e ex-diretor do Departamento Cultural), que tocava tamborim na bateria. Desfilei como se fosse a apresenta\u00e7\u00e3o oficial. Foi um dos melhores desfiles de que participei! Realizei dois sonhos de uma s\u00f3 vez: vestir uma roupa desenhada por Rosa Magalh\u00e3es e desfilar na Vila cantando um samba de Martinho, Arlindo Cruz, Andr\u00e9 Diniz e demais parceiros. Inesquec\u00edvel!\u201d, destacou o carnavalesco.<\/p>\n<p>Para Haddad, a experi\u00eancia tamb\u00e9m revela a ess\u00eancia da agremia\u00e7\u00e3o: \u201cA Vila \u00e9 uma escola muito acolhedora e, hoje vendo de dentro, percebo o acolhimento que o Leo teve na \u00e9poca, na escola, mesmo n\u00e3o tendo participado dos ensaios. Foi mais um desfile maravilhoso da Vila Isabel!\u201d<\/p>\n<p>Mais de uma d\u00e9cada depois, a dupla voltar\u00e1 a confeccionar fantasias da Unidos de Vila Isabel. Desta vez, assinando o enredo da agremia\u00e7\u00e3o. Sobre o Carnaval de 2026, os artistas fazem mist\u00e9rio: \u201cEstamos mergulhados na pesquisa, desenvolvendo ideias. Em breve o Povo do Samba ter\u00e1 not\u00edcias\u201d, finaliza Haddad.<\/p>\n\n\n<figure class=\"wp-block-gallery has-nested-images columns-default is-cropped wp-block-gallery-1 is-layout-flex wp-block-gallery-is-layout-flex\"><\/figure>\n\n\n\n\n\n<figure class=\"wp-block-gallery has-nested-images columns-default is-cropped wp-block-gallery-2 is-layout-flex wp-block-gallery-is-layout-flex\"><\/figure>\n\n\n\n<figure class=\"wp-block-gallery has-nested-images columns-default is-cropped wp-block-gallery-3 is-layout-flex wp-block-gallery-is-layout-flex\"><\/figure>\n","protected":false},"excerpt":{"rendered":"<p>Carnavalescos Haddad e Bora relembram aventura inusitada ao recriar fantasia de Rosa Magalh\u00e3es para desfilar \u2018na surdina\u2019 nas Campe\u00e3s de 2013 No dia em que a Unidos de Vila Isabel completou 79 anos (04\/04), os carnavalescos rec\u00e9m-contratados Gabriel Haddad e Leonardo Bora contaram sobre o antigo la\u00e7o que possuem com a tradicional escola carioca. Entre [&hellip;]<\/p>\n","protected":false},"author":1,"featured_media":2330,"comment_status":"closed","ping_status":"closed","sticky":false,"template":"","format":"standard","meta":{"footnotes":""},"categories":[12],"tags":[155,153,154,159,152],"class_list":["post-2329","post","type-post","status-publish","format-standard","has-post-thumbnail","hentry","category-grupo-especial","tag-intendente-magalhaes","tag-mundo-do-carnaval","tag-rio-de-janeiro","tag-samba","tag-sapucai"],"_links":{"self":[{"href":"https:\/\/mundodocarnaval.com.br\/pt_br\/wp-json\/wp\/v2\/posts\/2329","targetHints":{"allow":["GET"]}}],"collection":[{"href":"https:\/\/mundodocarnaval.com.br\/pt_br\/wp-json\/wp\/v2\/posts"}],"about":[{"href":"https:\/\/mundodocarnaval.com.br\/pt_br\/wp-json\/wp\/v2\/types\/post"}],"author":[{"embeddable":true,"href":"https:\/\/mundodocarnaval.com.br\/pt_br\/wp-json\/wp\/v2\/users\/1"}],"replies":[{"embeddable":true,"href":"https:\/\/mundodocarnaval.com.br\/pt_br\/wp-json\/wp\/v2\/comments?post=2329"}],"version-history":[{"count":2,"href":"https:\/\/mundodocarnaval.com.br\/pt_br\/wp-json\/wp\/v2\/posts\/2329\/revisions"}],"predecessor-version":[{"id":2338,"href":"https:\/\/mundodocarnaval.com.br\/pt_br\/wp-json\/wp\/v2\/posts\/2329\/revisions\/2338"}],"wp:featuredmedia":[{"embeddable":true,"href":"https:\/\/mundodocarnaval.com.br\/pt_br\/wp-json\/wp\/v2\/media\/2330"}],"wp:attachment":[{"href":"https:\/\/mundodocarnaval.com.br\/pt_br\/wp-json\/wp\/v2\/media?parent=2329"}],"wp:term":[{"taxonomy":"category","embeddable":true,"href":"https:\/\/mundodocarnaval.com.br\/pt_br\/wp-json\/wp\/v2\/categories?post=2329"},{"taxonomy":"post_tag","embeddable":true,"href":"https:\/\/mundodocarnaval.com.br\/pt_br\/wp-json\/wp\/v2\/tags?post=2329"}],"curies":[{"name":"wp","href":"https:\/\/api.w.org\/{rel}","templated":true}]}}