{"id":2339,"date":"2025-04-09T11:08:32","date_gmt":"2025-04-09T14:08:32","guid":{"rendered":"https:\/\/mundodocarnaval.com.br\/?p=2339"},"modified":"2025-04-09T11:17:19","modified_gmt":"2025-04-09T14:17:19","slug":"kellyn-rosa-e-a-nova-diretora-de-passistas-da-academicos-de-niteroi","status":"publish","type":"post","link":"https:\/\/mundodocarnaval.com.br\/pt_br\/kellyn-rosa-e-a-nova-diretora-de-passistas-da-academicos-de-niteroi\/","title":{"rendered":"Kellyn Rosa \u00e9 a nova Diretora de Passistas da Acad\u00eamicos de Niter\u00f3i"},"content":{"rendered":"<p>Kellyn Rosa \u00e9 a nova Diretora de Passistas da Acad\u00eamicos de Niter\u00f3i<\/p>\n<p>A Acad\u00eamicos de Niter\u00f3i refor\u00e7ou o seu time para o carnaval de 2026. A agremia\u00e7\u00e3o, que far\u00e1 sua estreia no Grupo Especial, anunciou a chegada de Kellyn Rosa como diretora da ala de passistas. A artista e dan\u00e7arina fez parte de companhias de dan\u00e7a como a de Carlinhos de Jesus e Cia Dom.<\/p>\n<p>Em 2018 Kellyn foi vice-campe\u00e3 do Brasil Samba Congress na categoria individual e campe\u00e3 na categoria de equipe. Trabalhou em grandes escolas de samba do Rio de Janeiro, como passista do Salgueiro por 5 anos, passista da Vila Isabel por 3 anos, comiss\u00f5es de frente Esta\u00e7\u00e3o Primeira de Mangueira e Portela.  Teve passagem em grandes espet\u00e1culos e programas de tv, no Rock in Rio, se apresentou no programa dominical \u201cDoming\u00e3o do Faust\u00e3o e o Encontro com F\u00e1tima Bernardes\u201d. Foi dan\u00e7arina titular do espet\u00e1culo brasileiro \u201cGinga Tropical\u201d.<\/p>\n<p>Atualmente, Kellyn desenvolve trabalhos arte-educacionais, ministra aulas, oficinas e workshops (online e presencial). H\u00e1 3 anos est\u00e1 \u00e0 frente da Ala de Passistas da Uni\u00e3o de Maric\u00e1, onde vem recebendo diversos pr\u00eamios com o desempenho da ala. \u00c9 tamb\u00e9m parte integrante do corpo docente e art\u00edstico dos maiores congressos e festivais de dan\u00e7a e cultura brasileira ao redor do mundo.<\/p>\n<p>Fotos: @tylerbakerphotography<\/p>\n\n\n<figure class=\"wp-block-gallery has-nested-images columns-default is-cropped wp-block-gallery-1 is-layout-flex wp-block-gallery-is-layout-flex\"><\/figure>\n\n\n\n<figure class=\"wp-block-gallery has-nested-images columns-default is-cropped wp-block-gallery-2 is-layout-flex wp-block-gallery-is-layout-flex\"><\/figure>\n","protected":false},"excerpt":{"rendered":"<p>Kellyn Rosa \u00e9 a nova Diretora de Passistas da Acad\u00eamicos de Niter\u00f3i A Acad\u00eamicos de Niter\u00f3i refor\u00e7ou o seu time para o carnaval de 2026. A agremia\u00e7\u00e3o, que far\u00e1 sua estreia no Grupo Especial, anunciou a chegada de Kellyn Rosa como diretora da ala de passistas. A artista e dan\u00e7arina fez parte de companhias de [&hellip;]<\/p>\n","protected":false},"author":1,"featured_media":2340,"comment_status":"closed","ping_status":"closed","sticky":false,"template":"","format":"standard","meta":{"footnotes":""},"categories":[13],"tags":[151,155,153,154,159,152],"class_list":["post-2339","post","type-post","status-publish","format-standard","has-post-thumbnail","hentry","category-fashion","tag-carnaval","tag-intendente-magalhaes","tag-mundo-do-carnaval","tag-rio-de-janeiro","tag-samba","tag-sapucai"],"_links":{"self":[{"href":"https:\/\/mundodocarnaval.com.br\/pt_br\/wp-json\/wp\/v2\/posts\/2339","targetHints":{"allow":["GET"]}}],"collection":[{"href":"https:\/\/mundodocarnaval.com.br\/pt_br\/wp-json\/wp\/v2\/posts"}],"about":[{"href":"https:\/\/mundodocarnaval.com.br\/pt_br\/wp-json\/wp\/v2\/types\/post"}],"author":[{"embeddable":true,"href":"https:\/\/mundodocarnaval.com.br\/pt_br\/wp-json\/wp\/v2\/users\/1"}],"replies":[{"embeddable":true,"href":"https:\/\/mundodocarnaval.com.br\/pt_br\/wp-json\/wp\/v2\/comments?post=2339"}],"version-history":[{"count":2,"href":"https:\/\/mundodocarnaval.com.br\/pt_br\/wp-json\/wp\/v2\/posts\/2339\/revisions"}],"predecessor-version":[{"id":2347,"href":"https:\/\/mundodocarnaval.com.br\/pt_br\/wp-json\/wp\/v2\/posts\/2339\/revisions\/2347"}],"wp:featuredmedia":[{"embeddable":true,"href":"https:\/\/mundodocarnaval.com.br\/pt_br\/wp-json\/wp\/v2\/media\/2340"}],"wp:attachment":[{"href":"https:\/\/mundodocarnaval.com.br\/pt_br\/wp-json\/wp\/v2\/media?parent=2339"}],"wp:term":[{"taxonomy":"category","embeddable":true,"href":"https:\/\/mundodocarnaval.com.br\/pt_br\/wp-json\/wp\/v2\/categories?post=2339"},{"taxonomy":"post_tag","embeddable":true,"href":"https:\/\/mundodocarnaval.com.br\/pt_br\/wp-json\/wp\/v2\/tags?post=2339"}],"curies":[{"name":"wp","href":"https:\/\/api.w.org\/{rel}","templated":true}]}}