{"id":2452,"date":"2025-04-24T19:55:29","date_gmt":"2025-04-24T22:55:29","guid":{"rendered":"https:\/\/mundodocarnaval.com.br\/?p=2452"},"modified":"2025-04-24T19:55:29","modified_gmt":"2025-04-24T22:55:29","slug":"novo-imperio-anuncia-renovacoes-na-equipe-do-carnaval-de-2026","status":"publish","type":"post","link":"https:\/\/mundodocarnaval.com.br\/pt_br\/novo-imperio-anuncia-renovacoes-na-equipe-do-carnaval-de-2026\/","title":{"rendered":"Novo Imp\u00e9rio anuncia renova\u00e7\u00f5es na equipe do carnaval de 2026"},"content":{"rendered":"<p>Novo Imp\u00e9rio anuncia renova\u00e7\u00f5es na equipe do carnaval de 2026<\/p>\n<p>Vice-campe\u00e3 do grupo de avalia\u00e7\u00e3o em 2025, a Novo Imp\u00e9rio j\u00e1 est\u00e1 preparada para o desfile de 2026, onde estrear\u00e1 pela S\u00e9rie Bronze. A escola anunciou a renova\u00e7\u00e3o de parte do seu elenco, que pisar\u00e1 na Intendente Magalh\u00e3es no pr\u00f3ximo carnaval em busca de uma vaga na S\u00e9rie Prata do carnaval carioca.<\/p>\n<p>Prestes a anunciar seu enredo, a escola renovou com os carnavalescos Alex Santiago e Elvis Luiz. J\u00e1 o primeiro pavilh\u00e3o ser\u00e1 defendido novamente pelo casal Yuri Pires e Cassiane Figueiredo. Na bateria, o comando seguir\u00e1 com Mestre Marcos Mattos, o Marc\u00e3o, enquanto o samba ser\u00e1 embalado pela dupla Tuninho Azevedo e Juan Reis, como int\u00e9rpretes oficiais. J\u00e1 a Dire\u00e7\u00e3o de harmonia seguir\u00e1 com Marcelo Mutu\u00e1 e a Dire\u00e7\u00e3o de Carnaval com Ismar Silva.<\/p>\n<p>&#8211; Fizemos um grande desfile, conseguimos o acesso a S\u00e9rie Bronze ent\u00e3o vamos valorizar o time que esteve conosco na avalia\u00e7\u00e3o. Foram necess\u00e1rias pequenas mudan\u00e7as para que possamos alcan\u00e7ar o nosso objetivo. Viremos com ainda mais garra em 2026 em busca de uma vaga na S\u00e9rie Prata. Podem aguardar mais um grande desfile \u2013 revelou Ney Lopes, Superintendente da escola.<\/p>\n<p>Em 2025 a escola foi vice-campe\u00e3 com o enredo \u201cSincretismo e Magia: As B\u00ean\u00e7\u00e3os de Xang\u00f4 e Nossa Senhora no Carnaval da Novo Imp\u00e9rio\u201d <\/p>\n","protected":false},"excerpt":{"rendered":"<p>Novo Imp\u00e9rio anuncia renova\u00e7\u00f5es na equipe do carnaval de 2026 Vice-campe\u00e3 do grupo de avalia\u00e7\u00e3o em 2025, a Novo Imp\u00e9rio j\u00e1 est\u00e1 preparada para o desfile de 2026, onde estrear\u00e1 pela S\u00e9rie Bronze. A escola anunciou a renova\u00e7\u00e3o de parte do seu elenco, que pisar\u00e1 na Intendente Magalh\u00e3es no pr\u00f3ximo carnaval em busca de uma [&hellip;]<\/p>\n","protected":false},"author":1,"featured_media":2453,"comment_status":"closed","ping_status":"closed","sticky":false,"template":"","format":"standard","meta":{"footnotes":""},"categories":[14],"tags":[151,155,153,154,159,152],"class_list":["post-2452","post","type-post","status-publish","format-standard","has-post-thumbnail","hentry","category-gadgets","tag-carnaval","tag-intendente-magalhaes","tag-mundo-do-carnaval","tag-rio-de-janeiro","tag-samba","tag-sapucai"],"_links":{"self":[{"href":"https:\/\/mundodocarnaval.com.br\/pt_br\/wp-json\/wp\/v2\/posts\/2452","targetHints":{"allow":["GET"]}}],"collection":[{"href":"https:\/\/mundodocarnaval.com.br\/pt_br\/wp-json\/wp\/v2\/posts"}],"about":[{"href":"https:\/\/mundodocarnaval.com.br\/pt_br\/wp-json\/wp\/v2\/types\/post"}],"author":[{"embeddable":true,"href":"https:\/\/mundodocarnaval.com.br\/pt_br\/wp-json\/wp\/v2\/users\/1"}],"replies":[{"embeddable":true,"href":"https:\/\/mundodocarnaval.com.br\/pt_br\/wp-json\/wp\/v2\/comments?post=2452"}],"version-history":[{"count":1,"href":"https:\/\/mundodocarnaval.com.br\/pt_br\/wp-json\/wp\/v2\/posts\/2452\/revisions"}],"predecessor-version":[{"id":2454,"href":"https:\/\/mundodocarnaval.com.br\/pt_br\/wp-json\/wp\/v2\/posts\/2452\/revisions\/2454"}],"wp:featuredmedia":[{"embeddable":true,"href":"https:\/\/mundodocarnaval.com.br\/pt_br\/wp-json\/wp\/v2\/media\/2453"}],"wp:attachment":[{"href":"https:\/\/mundodocarnaval.com.br\/pt_br\/wp-json\/wp\/v2\/media?parent=2452"}],"wp:term":[{"taxonomy":"category","embeddable":true,"href":"https:\/\/mundodocarnaval.com.br\/pt_br\/wp-json\/wp\/v2\/categories?post=2452"},{"taxonomy":"post_tag","embeddable":true,"href":"https:\/\/mundodocarnaval.com.br\/pt_br\/wp-json\/wp\/v2\/tags?post=2452"}],"curies":[{"name":"wp","href":"https:\/\/api.w.org\/{rel}","templated":true}]}}