{"id":2455,"date":"2025-04-24T19:58:30","date_gmt":"2025-04-24T22:58:30","guid":{"rendered":"https:\/\/mundodocarnaval.com.br\/?p=2455"},"modified":"2025-04-24T19:58:30","modified_gmt":"2025-04-24T22:58:30","slug":"com-festa-para-sao-jorge-unidos-de-padre-miguel-apresenta-equipe-de-peso-e-mostra-forca-na-disputa-pelo-retorno-ao-grupo-especial","status":"publish","type":"post","link":"https:\/\/mundodocarnaval.com.br\/pt_br\/com-festa-para-sao-jorge-unidos-de-padre-miguel-apresenta-equipe-de-peso-e-mostra-forca-na-disputa-pelo-retorno-ao-grupo-especial\/","title":{"rendered":"Com festa para S\u00e3o Jorge, Unidos de Padre Miguel apresenta equipe de peso e mostra for\u00e7a na disputa pelo retorno ao Grupo Especial"},"content":{"rendered":"<p>Com festa para S\u00e3o Jorge, Unidos de Padre Miguel apresenta equipe de peso e mostra for\u00e7a na disputa pelo retorno ao Grupo Especial<\/p>\n<p>A Unidos de Padre Miguel celebrou com emo\u00e7\u00e3o e muita garra o Dia de S\u00e3o Jorge, nesta quarta-feira, 23 de abril, com uma feijoada especial em sua quadra, que ficou completamente lotada para o evento. Em um clima de f\u00e9, resist\u00eancia e festa, a escola aproveitou a ocasi\u00e3o para apresentar oficialmente sua equipe para o Carnaval 2026, quando buscar\u00e1 o  retorno ao Grupo Especial.<\/p>\n<p>Logo pela manh\u00e3, a programa\u00e7\u00e3o come\u00e7ou com uma missa em homenagem a S\u00e3o Jorge, refor\u00e7ando a espiritualidade que guia os passos da agremia\u00e7\u00e3o. Ao longo do dia, o p\u00fablico foi presenteado com apresenta\u00e7\u00f5es dos grupos Samba de Passistas e Pega Black, al\u00e9m de um verdadeiro espet\u00e1culo promovido pela pr\u00f3pria escola.<\/p>\n<p>Um dos momentos mais marcantes da tarde foi a apresenta\u00e7\u00e3o do primeiro casal de mestre-sala e porta-bandeira, Marcinho Siqueira e Cris Caldas, que emocionaram o p\u00fablico com uma performance impec\u00e1vel. Outro destaque foi a estreia do novo comandante da bateria Guerreiros da Unidos, Mestre Laion, que mostrou a for\u00e7a r\u00edtmica da escola para a pr\u00f3xima temporada.<\/p>\n<p>O novo core\u00f3grafo da comiss\u00e3o de frente, Paulo Pinna, tamb\u00e9m esteve presente, sendo recebido com carinho pela comunidade. A presen\u00e7a de personalidades do mundo do samba, como o presidente da LIGA-RJ, Hugo Junior, abrilhantou ainda mais a celebra\u00e7\u00e3o.<\/p>\n<p> \u201cA Unidos est\u00e1 viva e com o cora\u00e7\u00e3o batendo forte por esse retorno ao Grupo Especial. Eu confio demais na equipe que est\u00e1 comigo. O rebaixamento n\u00e3o abala a for\u00e7a da comunidade da Vila Vint\u00e9m. Estamos com o resultado engasgado, sim, mas n\u00e3o iremos desistir. Porque essa comunidade merece o topo. E \u00e9 l\u00e1 que n\u00f3s vamos chegar!\u201d &#8211; afirmou a Presidente em seu primeiro discurso, sendo ovacionada pelos presentes.<\/p>\n<p>O evento mostrou que a Unidos de Padre Miguel entra no Carnaval 2026 com foco total. Com uma equipe forte e o apoio vibrante da comunidade, a escola demonstra que est\u00e1 pronta para brigar pelo t\u00edtulo da S\u00e9rie Ouro e garantir de volta seu lugar no Grupo Especial.<\/p>\n<p>\u201cEstamos firmes e com o p\u00e9 no ch\u00e3o. J\u00e1 come\u00e7amos a trabalhar forte pelo pr\u00f3ximo desfile. A miss\u00e3o \u00e9 grande, mas a nossa vontade de voltar ao Grupo Especial \u00e9 ainda maior\u201d, afirmou C\u00edcero Costa, diretor de Carnaval da agremia\u00e7\u00e3o.<\/p>\n<p>E as novidades n\u00e3o param por a\u00ed: ainda no m\u00eas de abril, a escola anunciar\u00e1 o enredo que levar\u00e1 para a Marqu\u00eas de Sapuca\u00ed em 2026. Um tema que, segundo a diretoria, \u00e9 a cara da Unidos \u2014 carregado de for\u00e7a, identidade e muita brasilidade.<\/p>\n<p> Em 2026, a Unidos ser\u00e1 a quinta escola a desfilar na sexta-feira de Carnaval, prometendo um espet\u00e1culo inesquec\u00edvel na Marqu\u00eas de Sapuca\u00ed.<\/p>\n","protected":false},"excerpt":{"rendered":"<p>Com festa para S\u00e3o Jorge, Unidos de Padre Miguel apresenta equipe de peso e mostra for\u00e7a na disputa pelo retorno ao Grupo Especial A Unidos de Padre Miguel celebrou com emo\u00e7\u00e3o e muita garra o Dia de S\u00e3o Jorge, nesta quarta-feira, 23 de abril, com uma feijoada especial em sua quadra, que ficou completamente lotada [&hellip;]<\/p>\n","protected":false},"author":1,"featured_media":2456,"comment_status":"closed","ping_status":"closed","sticky":false,"template":"","format":"standard","meta":{"footnotes":""},"categories":[13],"tags":[151,163,155,153,154,159,152,162],"class_list":["post-2455","post","type-post","status-publish","format-standard","has-post-thumbnail","hentry","category-fashion","tag-carnaval","tag-grupo-especial","tag-intendente-magalhaes","tag-mundo-do-carnaval","tag-rio-de-janeiro","tag-samba","tag-sapucai","tag-serie-ouro"],"_links":{"self":[{"href":"https:\/\/mundodocarnaval.com.br\/pt_br\/wp-json\/wp\/v2\/posts\/2455","targetHints":{"allow":["GET"]}}],"collection":[{"href":"https:\/\/mundodocarnaval.com.br\/pt_br\/wp-json\/wp\/v2\/posts"}],"about":[{"href":"https:\/\/mundodocarnaval.com.br\/pt_br\/wp-json\/wp\/v2\/types\/post"}],"author":[{"embeddable":true,"href":"https:\/\/mundodocarnaval.com.br\/pt_br\/wp-json\/wp\/v2\/users\/1"}],"replies":[{"embeddable":true,"href":"https:\/\/mundodocarnaval.com.br\/pt_br\/wp-json\/wp\/v2\/comments?post=2455"}],"version-history":[{"count":1,"href":"https:\/\/mundodocarnaval.com.br\/pt_br\/wp-json\/wp\/v2\/posts\/2455\/revisions"}],"predecessor-version":[{"id":2457,"href":"https:\/\/mundodocarnaval.com.br\/pt_br\/wp-json\/wp\/v2\/posts\/2455\/revisions\/2457"}],"wp:featuredmedia":[{"embeddable":true,"href":"https:\/\/mundodocarnaval.com.br\/pt_br\/wp-json\/wp\/v2\/media\/2456"}],"wp:attachment":[{"href":"https:\/\/mundodocarnaval.com.br\/pt_br\/wp-json\/wp\/v2\/media?parent=2455"}],"wp:term":[{"taxonomy":"category","embeddable":true,"href":"https:\/\/mundodocarnaval.com.br\/pt_br\/wp-json\/wp\/v2\/categories?post=2455"},{"taxonomy":"post_tag","embeddable":true,"href":"https:\/\/mundodocarnaval.com.br\/pt_br\/wp-json\/wp\/v2\/tags?post=2455"}],"curies":[{"name":"wp","href":"https:\/\/api.w.org\/{rel}","templated":true}]}}