{"id":2458,"date":"2025-04-24T20:07:18","date_gmt":"2025-04-24T23:07:18","guid":{"rendered":"https:\/\/mundodocarnaval.com.br\/?p=2458"},"modified":"2025-04-24T20:07:18","modified_gmt":"2025-04-24T23:07:18","slug":"uniao-de-marica-inaugura-reformas-e-reforca-identidade-em-sua-quadra","status":"publish","type":"post","link":"https:\/\/mundodocarnaval.com.br\/pt_br\/uniao-de-marica-inaugura-reformas-e-reforca-identidade-em-sua-quadra\/","title":{"rendered":"Uni\u00e3o de Maric\u00e1 inaugura reformas e refor\u00e7a identidade em sua quadra"},"content":{"rendered":"<p>Uni\u00e3o de Maric\u00e1 inaugura reformas e refor\u00e7a identidade em sua quadra<br \/>\nDurante a tradicional Feijoada de S\u00e3o Jorge, escola apresentou espa\u00e7o revitalizado com homenagens e novidades para a comunidade<\/p>\n<p>A Uni\u00e3o de Maric\u00e1 deu mais um passo importante em sua trajet\u00f3ria com a inaugura\u00e7\u00e3o das reformas em sua quadra, no Centro de Maric\u00e1. A entrega das melhorias aconteceu ontem (23), quarta-feira, durante a Feijoada de S\u00e3o Jorge da agremia\u00e7\u00e3o, que teve casa cheia e emocionou a comunidade presente com a apresenta\u00e7\u00e3o da equipe para o Carnaval 2026 e shows de Arlindinho e J\u00f4 Borges.<\/p>\n<p>Entre as principais novidades, a fachada da quadra ganhou um novo visual com a aplica\u00e7\u00e3o do bras\u00e3o e da bandeira da escola no piso das \u00e1reas interna e externa, refor\u00e7ando o orgulho da identidade maricaense. Um novo mural tamb\u00e9m foi inaugurado, com as caricaturas do compositor Claudinho Guimar\u00e3es (1970-2020) e de Mauro Alem\u00e3o (1953-2021), fundador e primeiro presidente.<\/p>\n<p>Al\u00e9m disso, foi instalado um outdoor com o nome da escola na beira da Rodovia Amaral Peixoto, em frente \u00e0 quadra, fortalecendo a presen\u00e7a da Uni\u00e3o na paisagem urbana da cidade. Outras melhorias estruturais tamb\u00e9m foram implementadas, proporcionando mais conforto e beleza ao espa\u00e7o que \u00e9 s\u00edmbolo da cultura popular maricaense.<\/p>\n<p>Para Matheus Santos, administrador da Uni\u00e3o de Maric\u00e1, as mudan\u00e7as representam a realiza\u00e7\u00e3o de um antigo desejo da comunidade.<\/p>\n<p>&#8211; A quadra \u00e9 a nossa casa e o nosso ponto de encontro. Essas melhorias eram um desejo antigo de quem faz a Uni\u00e3o de Maric\u00e1 acontecer no dia a dia. \u00c9 emocionante ver o reconhecimento \u00e0 nossa hist\u00f3ria estampado nas paredes e no ch\u00e3o da nossa escola &#8211; destacou.<\/p>\n<p>Durante a realiza\u00e7\u00e3o da Feijoada de S\u00e3o Jorge, foi anunciado o pr\u00f3ximo evento da escola. No dia 26 de abril, a agremia\u00e7\u00e3o celebrar\u00e1 os seus 10 anos de funda\u00e7\u00e3o com show de Xande de Pilares. Em breve, todas as informa\u00e7\u00f5es ser\u00e3o divulgadas.<\/p>\n<p>Fotos: Leandro Andrade<\/p>\n","protected":false},"excerpt":{"rendered":"<p>Uni\u00e3o de Maric\u00e1 inaugura reformas e refor\u00e7a identidade em sua quadra Durante a tradicional Feijoada de S\u00e3o Jorge, escola apresentou espa\u00e7o revitalizado com homenagens e novidades para a comunidade A Uni\u00e3o de Maric\u00e1 deu mais um passo importante em sua trajet\u00f3ria com a inaugura\u00e7\u00e3o das reformas em sua quadra, no Centro de Maric\u00e1. A entrega [&hellip;]<\/p>\n","protected":false},"author":1,"featured_media":2460,"comment_status":"closed","ping_status":"closed","sticky":false,"template":"","format":"standard","meta":{"footnotes":""},"categories":[13],"tags":[151,163,155,153,154,159,152,162],"class_list":["post-2458","post","type-post","status-publish","format-standard","has-post-thumbnail","hentry","category-fashion","tag-carnaval","tag-grupo-especial","tag-intendente-magalhaes","tag-mundo-do-carnaval","tag-rio-de-janeiro","tag-samba","tag-sapucai","tag-serie-ouro"],"_links":{"self":[{"href":"https:\/\/mundodocarnaval.com.br\/pt_br\/wp-json\/wp\/v2\/posts\/2458","targetHints":{"allow":["GET"]}}],"collection":[{"href":"https:\/\/mundodocarnaval.com.br\/pt_br\/wp-json\/wp\/v2\/posts"}],"about":[{"href":"https:\/\/mundodocarnaval.com.br\/pt_br\/wp-json\/wp\/v2\/types\/post"}],"author":[{"embeddable":true,"href":"https:\/\/mundodocarnaval.com.br\/pt_br\/wp-json\/wp\/v2\/users\/1"}],"replies":[{"embeddable":true,"href":"https:\/\/mundodocarnaval.com.br\/pt_br\/wp-json\/wp\/v2\/comments?post=2458"}],"version-history":[{"count":1,"href":"https:\/\/mundodocarnaval.com.br\/pt_br\/wp-json\/wp\/v2\/posts\/2458\/revisions"}],"predecessor-version":[{"id":2461,"href":"https:\/\/mundodocarnaval.com.br\/pt_br\/wp-json\/wp\/v2\/posts\/2458\/revisions\/2461"}],"wp:featuredmedia":[{"embeddable":true,"href":"https:\/\/mundodocarnaval.com.br\/pt_br\/wp-json\/wp\/v2\/media\/2460"}],"wp:attachment":[{"href":"https:\/\/mundodocarnaval.com.br\/pt_br\/wp-json\/wp\/v2\/media?parent=2458"}],"wp:term":[{"taxonomy":"category","embeddable":true,"href":"https:\/\/mundodocarnaval.com.br\/pt_br\/wp-json\/wp\/v2\/categories?post=2458"},{"taxonomy":"post_tag","embeddable":true,"href":"https:\/\/mundodocarnaval.com.br\/pt_br\/wp-json\/wp\/v2\/tags?post=2458"}],"curies":[{"name":"wp","href":"https:\/\/api.w.org\/{rel}","templated":true}]}}