{"id":2463,"date":"2025-04-29T22:25:33","date_gmt":"2025-04-30T01:25:33","guid":{"rendered":"https:\/\/mundodocarnaval.com.br\/?p=2463"},"modified":"2025-04-29T22:25:34","modified_gmt":"2025-04-30T01:25:34","slug":"weslley-cherry-e-mariana-azevedo-formam-o-novo-segundo-casal-da-academicos-de-niteroi","status":"publish","type":"post","link":"https:\/\/mundodocarnaval.com.br\/pt_br\/weslley-cherry-e-mariana-azevedo-formam-o-novo-segundo-casal-da-academicos-de-niteroi\/","title":{"rendered":"Weslley Cherry e Mariana Azevedo formam o novo segundo casal da Acad\u00eamicos de Niter\u00f3i"},"content":{"rendered":"<p>Weslley Cherry e Mariana Azevedo formam o novo segundo casal da Acad\u00eamicos de Niter\u00f3i<\/p>\n<p>A Acad\u00eamicos de Niter\u00f3i j\u00e1 possui novos defensores do seu segundo pavilh\u00e3o. Weslley Cherry e Mariana Azevedo formam o novo segundo casal de mestre-sala e porta-bandeira da agremia\u00e7\u00e3o, que far\u00e1 a sua estreia no Grupo Especial em 2026. A dupla \u00e9 mais um refor\u00e7o da azul branca para o seu pr\u00f3ximo desfile.<\/p>\n<p>Ap\u00f3s alguns anos longe do carnaval, Wesley retorna \u00e0 avenida pela azul e branco da cidade sorriso. O mestre-sala tem passagens por agremia\u00e7\u00f5es como Para\u00edso do Tuiuti, Acad\u00eamicos do Sossego, Unidos de Bangu, entre outras coirm\u00e3s.<\/p>\n<p>&#8211; Agrade\u00e7o profundamente \u00e0 agremia\u00e7\u00e3o por acreditar no meu trabalho e no meu talento. Essa oportunidade representa muito mais do que um convite, representa um reencontro com o meu prop\u00f3sito, com a minha ess\u00eancia, com a arte que me move! Vou me dedicar intensamente, com disciplina, entrega e paix\u00e3o \u2014 como sempre fiz \u2014 e podem ter certeza: meu compromisso com esse pavilh\u00e3o e minha porta-bandeira ser\u00e1 absoluto. \u2013 Revela Weslley.<\/p>\n<p>Mariana Azevedo tamb\u00e9m \u00e9 experiente na folia e tem passagens pelas coirm\u00e3s Arranco do Engenho de Dentro e Acad\u00eamicos do Cubango. Assim como a agremia\u00e7\u00e3o, ser\u00e1 a estreia da porta-bandeira pelo grupo especial do carnaval carioca.<\/p>\n<p>&#8211; Estou muito feliz em defender o segundo pavilh\u00e3o da Acad\u00eamicos de Niter\u00f3i. Tamb\u00e9m ser\u00e1 a minha estreia no Grupo Especial, ent\u00e3o podem esperar muito trabalho e dedica\u00e7\u00e3o. Meu cora\u00e7\u00e3o \u00e9 s\u00f3 gratid\u00e3o e felicidade por esse momento. Honrarei as cores com muito orgulho. Que seja um 2026 incr\u00edvel para todos n\u00f3s \u2013 finaliza Mariana.<\/p>\n","protected":false},"excerpt":{"rendered":"<p>Weslley Cherry e Mariana Azevedo formam o novo segundo casal da Acad\u00eamicos de Niter\u00f3i A Acad\u00eamicos de Niter\u00f3i j\u00e1 possui novos defensores do seu segundo pavilh\u00e3o. Weslley Cherry e Mariana Azevedo formam o novo segundo casal de mestre-sala e porta-bandeira da agremia\u00e7\u00e3o, que far\u00e1 a sua estreia no Grupo Especial em 2026. A dupla \u00e9 [&hellip;]<\/p>\n","protected":false},"author":1,"featured_media":2464,"comment_status":"closed","ping_status":"closed","sticky":false,"template":"","format":"standard","meta":{"footnotes":""},"categories":[13],"tags":[151,163,155,153,154,159,152,162],"class_list":["post-2463","post","type-post","status-publish","format-standard","has-post-thumbnail","hentry","category-fashion","tag-carnaval","tag-grupo-especial","tag-intendente-magalhaes","tag-mundo-do-carnaval","tag-rio-de-janeiro","tag-samba","tag-sapucai","tag-serie-ouro"],"_links":{"self":[{"href":"https:\/\/mundodocarnaval.com.br\/pt_br\/wp-json\/wp\/v2\/posts\/2463","targetHints":{"allow":["GET"]}}],"collection":[{"href":"https:\/\/mundodocarnaval.com.br\/pt_br\/wp-json\/wp\/v2\/posts"}],"about":[{"href":"https:\/\/mundodocarnaval.com.br\/pt_br\/wp-json\/wp\/v2\/types\/post"}],"author":[{"embeddable":true,"href":"https:\/\/mundodocarnaval.com.br\/pt_br\/wp-json\/wp\/v2\/users\/1"}],"replies":[{"embeddable":true,"href":"https:\/\/mundodocarnaval.com.br\/pt_br\/wp-json\/wp\/v2\/comments?post=2463"}],"version-history":[{"count":1,"href":"https:\/\/mundodocarnaval.com.br\/pt_br\/wp-json\/wp\/v2\/posts\/2463\/revisions"}],"predecessor-version":[{"id":2465,"href":"https:\/\/mundodocarnaval.com.br\/pt_br\/wp-json\/wp\/v2\/posts\/2463\/revisions\/2465"}],"wp:featuredmedia":[{"embeddable":true,"href":"https:\/\/mundodocarnaval.com.br\/pt_br\/wp-json\/wp\/v2\/media\/2464"}],"wp:attachment":[{"href":"https:\/\/mundodocarnaval.com.br\/pt_br\/wp-json\/wp\/v2\/media?parent=2463"}],"wp:term":[{"taxonomy":"category","embeddable":true,"href":"https:\/\/mundodocarnaval.com.br\/pt_br\/wp-json\/wp\/v2\/categories?post=2463"},{"taxonomy":"post_tag","embeddable":true,"href":"https:\/\/mundodocarnaval.com.br\/pt_br\/wp-json\/wp\/v2\/tags?post=2463"}],"curies":[{"name":"wp","href":"https:\/\/api.w.org\/{rel}","templated":true}]}}