{"id":2466,"date":"2025-04-29T23:09:00","date_gmt":"2025-04-30T02:09:00","guid":{"rendered":"https:\/\/mundodocarnaval.com.br\/?p=2466"},"modified":"2025-04-29T23:09:00","modified_gmt":"2025-04-30T02:09:00","slug":"feriado-do-trabalhador-tera-marquinhos-sensacao-e-quintal-da-magia-no-cacique-de-ramos","status":"publish","type":"post","link":"https:\/\/mundodocarnaval.com.br\/pt_br\/feriado-do-trabalhador-tera-marquinhos-sensacao-e-quintal-da-magia-no-cacique-de-ramos\/","title":{"rendered":"Feriado do Trabalhador ter\u00e1 Marquinhos Sensa\u00e7\u00e3o e Quintal da Magia no Cacique de Ramos"},"content":{"rendered":"<p>Feriado do Trabalhador ter\u00e1 Marquinhos Sensa\u00e7\u00e3o e Quintal da Magia no Cacique de Ramos<\/p>\n<p>Dois shows completos e um encontro final marcam nova edi\u00e7\u00e3o do projeto Com Magia no templo do samba<\/p>\n<p>No dia 1\u00ba de maio de 2025, o Cacique de Ramos recebe mais uma edi\u00e7\u00e3o do projeto Com Magia, que promove encontros entre o grupo Quintal da Magia e outras refer\u00eancias do samba aut\u00eantico. Ap\u00f3s estrear brilhantemente com Caju com Magia, ao lado do Caju Pra Baixo, e alcan\u00e7ar grande sucesso com Fundo com Magia, junto ao Fundo de Quintal, o projeto apresenta agora um novo epis\u00f3dio: Quintal da Magia e Marquinhos Sensa\u00e7\u00e3o.<\/p>\n<p>O Com Magia prop\u00f5e unir o Quintal da Magia e amigos do samba em apresenta\u00e7\u00f5es especiais, explorando diversas vertentes do g\u00eanero. H\u00e1 sete anos na estrada, o grupo se consolidou como uma for\u00e7a no universo musical, sendo respons\u00e1vel por uma das maiores rodas de samba da Zona Norte carioca, que re\u00fane, em m\u00e9dia, quatro mil pessoas a cada edi\u00e7\u00e3o. No repert\u00f3rio, destacam-se sucessos como Paralisou e Diretamente do Quintal, al\u00e9m de cl\u00e1ssicos do samba. Preservando as ra\u00edzes que moldaram seu estilo e incorporando elementos contempor\u00e2neos ao som, o Quintal da Magia continua a expandir sua presen\u00e7a e a pot\u00eancia de sua arte, que traz no samba a express\u00e3o do pertencimento, da personalidade e a inspira\u00e7\u00e3o que move quem vive essa cultura.<\/p>\n<p>Nesta edi\u00e7\u00e3o, o convidado \u00e9 Marquinhos Sensa\u00e7\u00e3o, um dos grandes int\u00e9rpretes do samba rom\u00e2ntico, cuja carreira \u00e9 marcada por sucessos que atravessam gera\u00e7\u00f5es.  Dono de uma voz inconfund\u00edvel e interpreta\u00e7\u00f5es cheias de emo\u00e7\u00e3o, tamb\u00e9m transita pelo samba de raiz. Comemorando 35 anos de carreira, o cantor e compositor coleciona admiradores e reconhecimentos. Durante sua trajet\u00f3ria, foi homenageado e condecorado pelo pr\u00f3prio Cacique de Ramos, o que comprova sua liga\u00e7\u00e3o com a hist\u00f3ria do bloco.<\/p>\n<p>O evento ser\u00e1 dividido em dois momentos: primeiro, cada artista apresenta seu show individual. No encerramento, o Quintal da Magia e Marquinhos Sensa\u00e7\u00e3o se juntam no palco do Doce Ref\u00fagio.<\/p>\n<p>Os ingressos para Sensa\u00e7\u00e3o com Magia j\u00e1 est\u00e3o dispon\u00edveis e podem ser adquiridos pelo site Sympla. O evento acontece no feriado do Trabalhador, a partir das 14h, no Cacique de Ramos, localizado na Rua Uranos, 1326, em Olaria. A abertura fica por conta do DJ, preparando o p\u00fablico para as apresenta\u00e7\u00f5es do Quintal da Magia e Marquinhos Sensa\u00e7\u00e3o. Para garantir sua entrada, acesse: Sympla.<\/p>\n<p>Servi\u00e7o<br \/>\nData: 1\u00ba de maio \u2013 Quinta-feira \u2013 Feriado do Trabalhador<br \/>\nHor\u00e1rio: A partir das 14h<br \/>\nAbertura: DJ<br \/>\nAtra\u00e7\u00f5es: Quintal da Magia e Marquinhos Sensa\u00e7\u00e3o<br \/>\nLocal: Cacique de Ramos<br \/>\nEnd.: Rua Uranos, 1326 \u2013 Olaria<br \/>\nIngressos: \u00e0 venda no https:\/\/www.sympla.com.br\/evento\/sensacao-com-magia&#8211;no-cacique-de-ramos\/2840341<\/p>\n","protected":false},"excerpt":{"rendered":"<p>Feriado do Trabalhador ter\u00e1 Marquinhos Sensa\u00e7\u00e3o e Quintal da Magia no Cacique de Ramos Dois shows completos e um encontro final marcam nova edi\u00e7\u00e3o do projeto Com Magia no templo do samba No dia 1\u00ba de maio de 2025, o Cacique de Ramos recebe mais uma edi\u00e7\u00e3o do projeto Com Magia, que promove encontros entre [&hellip;]<\/p>\n","protected":false},"author":1,"featured_media":2467,"comment_status":"closed","ping_status":"closed","sticky":false,"template":"","format":"standard","meta":{"footnotes":""},"categories":[11],"tags":[151,163,155,153,154,159,152,162],"class_list":["post-2466","post","type-post","status-publish","format-standard","has-post-thumbnail","hentry","category-noticias","tag-carnaval","tag-grupo-especial","tag-intendente-magalhaes","tag-mundo-do-carnaval","tag-rio-de-janeiro","tag-samba","tag-sapucai","tag-serie-ouro"],"_links":{"self":[{"href":"https:\/\/mundodocarnaval.com.br\/pt_br\/wp-json\/wp\/v2\/posts\/2466","targetHints":{"allow":["GET"]}}],"collection":[{"href":"https:\/\/mundodocarnaval.com.br\/pt_br\/wp-json\/wp\/v2\/posts"}],"about":[{"href":"https:\/\/mundodocarnaval.com.br\/pt_br\/wp-json\/wp\/v2\/types\/post"}],"author":[{"embeddable":true,"href":"https:\/\/mundodocarnaval.com.br\/pt_br\/wp-json\/wp\/v2\/users\/1"}],"replies":[{"embeddable":true,"href":"https:\/\/mundodocarnaval.com.br\/pt_br\/wp-json\/wp\/v2\/comments?post=2466"}],"version-history":[{"count":1,"href":"https:\/\/mundodocarnaval.com.br\/pt_br\/wp-json\/wp\/v2\/posts\/2466\/revisions"}],"predecessor-version":[{"id":2468,"href":"https:\/\/mundodocarnaval.com.br\/pt_br\/wp-json\/wp\/v2\/posts\/2466\/revisions\/2468"}],"wp:featuredmedia":[{"embeddable":true,"href":"https:\/\/mundodocarnaval.com.br\/pt_br\/wp-json\/wp\/v2\/media\/2467"}],"wp:attachment":[{"href":"https:\/\/mundodocarnaval.com.br\/pt_br\/wp-json\/wp\/v2\/media?parent=2466"}],"wp:term":[{"taxonomy":"category","embeddable":true,"href":"https:\/\/mundodocarnaval.com.br\/pt_br\/wp-json\/wp\/v2\/categories?post=2466"},{"taxonomy":"post_tag","embeddable":true,"href":"https:\/\/mundodocarnaval.com.br\/pt_br\/wp-json\/wp\/v2\/tags?post=2466"}],"curies":[{"name":"wp","href":"https:\/\/api.w.org\/{rel}","templated":true}]}}