{"id":2469,"date":"2025-04-29T23:44:11","date_gmt":"2025-04-30T02:44:11","guid":{"rendered":"https:\/\/mundodocarnaval.com.br\/?p=2469"},"modified":"2025-04-29T23:44:11","modified_gmt":"2025-04-30T02:44:11","slug":"unidos-de-lucas-celebra-59-anos-com-lancamento-do-enredo-2026-no-dia-1o-de-maio","status":"publish","type":"post","link":"https:\/\/mundodocarnaval.com.br\/pt_br\/unidos-de-lucas-celebra-59-anos-com-lancamento-do-enredo-2026-no-dia-1o-de-maio\/","title":{"rendered":"Unidos de Lucas celebra 59 anos com lan\u00e7amento do enredo 2026 no dia 1\u00ba de maio"},"content":{"rendered":"<p>Unidos de Lucas celebra 59 anos com lan\u00e7amento do enredo 2026 no dia 1\u00ba de maio<\/p>\n<p>Dando o pontap\u00e9 oficial para o carnaval de 2026, a Unidos de Lucas promover\u00e1 uma grande festa em sua quadra no feriado do dia 01\u00ba de maio. A agremia\u00e7\u00e3o celebrar\u00e1 seus 59 anos, al\u00e9m de apresentar toda equipe e enredo para o pr\u00f3ximo desfile. Um grande evento, com entrada franca, para receber toda comunidade do Galo de Ouro da Leopoldina.<\/p>\n<p>Para animar o p\u00fablico presente, o evento contar\u00e1 com show do Grupo Copa 7, al\u00e9m da apresenta\u00e7\u00e3o oficial dos segmentos da escola, embalados pela bateria Tabajara do Samba, sob novo comando do Mestre \u00c1tila, e cl\u00e1ssicos da agremia\u00e7\u00e3o na voz do novo int\u00e9rprete Felipe Lima. Ser\u00e1 servido de forma gratuita um angu \u00e0 baiana no local.<\/p>\n<p>O evento acontece a partir das 13h, na quadra localizada na rua Cordovil, 333 \u2013 Parada de Lucas.<\/p>\n<p>Servi\u00e7o<br \/>\nAnivers\u00e1rio de 59 anos e lan\u00e7amento do carnaval 2026<br \/>\nDia: 01 de maio<br \/>\nHor\u00e1rio:  A partir das 13h<br \/>\nEntrada Franca<br \/>\nFotos: Eduardo Hollanda \/ Divulga\u00e7\u00e3o Gardel Assessoria<\/p>\n","protected":false},"excerpt":{"rendered":"<p>Unidos de Lucas celebra 59 anos com lan\u00e7amento do enredo 2026 no dia 1\u00ba de maio Dando o pontap\u00e9 oficial para o carnaval de 2026, a Unidos de Lucas promover\u00e1 uma grande festa em sua quadra no feriado do dia 01\u00ba de maio. A agremia\u00e7\u00e3o celebrar\u00e1 seus 59 anos, al\u00e9m de apresentar toda equipe e [&hellip;]<\/p>\n","protected":false},"author":1,"featured_media":2470,"comment_status":"closed","ping_status":"closed","sticky":false,"template":"","format":"standard","meta":{"footnotes":""},"categories":[14],"tags":[151,163,155,153,154,159,152,162],"class_list":["post-2469","post","type-post","status-publish","format-standard","has-post-thumbnail","hentry","category-gadgets","tag-carnaval","tag-grupo-especial","tag-intendente-magalhaes","tag-mundo-do-carnaval","tag-rio-de-janeiro","tag-samba","tag-sapucai","tag-serie-ouro"],"_links":{"self":[{"href":"https:\/\/mundodocarnaval.com.br\/pt_br\/wp-json\/wp\/v2\/posts\/2469","targetHints":{"allow":["GET"]}}],"collection":[{"href":"https:\/\/mundodocarnaval.com.br\/pt_br\/wp-json\/wp\/v2\/posts"}],"about":[{"href":"https:\/\/mundodocarnaval.com.br\/pt_br\/wp-json\/wp\/v2\/types\/post"}],"author":[{"embeddable":true,"href":"https:\/\/mundodocarnaval.com.br\/pt_br\/wp-json\/wp\/v2\/users\/1"}],"replies":[{"embeddable":true,"href":"https:\/\/mundodocarnaval.com.br\/pt_br\/wp-json\/wp\/v2\/comments?post=2469"}],"version-history":[{"count":1,"href":"https:\/\/mundodocarnaval.com.br\/pt_br\/wp-json\/wp\/v2\/posts\/2469\/revisions"}],"predecessor-version":[{"id":2471,"href":"https:\/\/mundodocarnaval.com.br\/pt_br\/wp-json\/wp\/v2\/posts\/2469\/revisions\/2471"}],"wp:featuredmedia":[{"embeddable":true,"href":"https:\/\/mundodocarnaval.com.br\/pt_br\/wp-json\/wp\/v2\/media\/2470"}],"wp:attachment":[{"href":"https:\/\/mundodocarnaval.com.br\/pt_br\/wp-json\/wp\/v2\/media?parent=2469"}],"wp:term":[{"taxonomy":"category","embeddable":true,"href":"https:\/\/mundodocarnaval.com.br\/pt_br\/wp-json\/wp\/v2\/categories?post=2469"},{"taxonomy":"post_tag","embeddable":true,"href":"https:\/\/mundodocarnaval.com.br\/pt_br\/wp-json\/wp\/v2\/tags?post=2469"}],"curies":[{"name":"wp","href":"https:\/\/api.w.org\/{rel}","templated":true}]}}