{"id":2472,"date":"2025-04-29T23:52:59","date_gmt":"2025-04-30T02:52:59","guid":{"rendered":"https:\/\/mundodocarnaval.com.br\/?p=2472"},"modified":"2025-04-29T23:52:59","modified_gmt":"2025-04-30T02:52:59","slug":"thaty-salgado-e-a-nova-diretora-da-ala-de-passistas-da-novo-imperio","status":"publish","type":"post","link":"https:\/\/mundodocarnaval.com.br\/pt_br\/thaty-salgado-e-a-nova-diretora-da-ala-de-passistas-da-novo-imperio\/","title":{"rendered":"Thaty Salgado \u00e9 a nova Diretora da ala de passistas da Novo Imp\u00e9rio"},"content":{"rendered":"<p>Thaty Salgado \u00e9 a nova Diretora da ala de passistas da Novo Imp\u00e9rio<\/p>\n<p>A Novo Imp\u00e9rio refor\u00e7ou sua equipe do carnaval de 2026 e anunciou a chegada de Thaty Salgado como nova diretora da ala de passistas. A profissional \u00e9 um dos nomes que chegam para impulsionar ainda mais o trabalho da agremia\u00e7\u00e3o, que desfilar\u00e1 pela S\u00e9rie Bronze, na Intendente Magalh\u00e3es.<\/p>\n<p>&#8211; Sou de fam\u00edlia carnavalesca, ent\u00e3o o samba sempre esteve em minha vida. Meu pai foi ritmista, minha m\u00e3e foi dona de ateli\u00ea e sou sobrinha de Andr\u00e9 e Nayra Cezari, diretores do Cacique de Ramos. Desfilei como passista, musa e destaque em v\u00e1rias agremia\u00e7\u00f5es \u2013 revelou Thaty.<\/p>\n<p>Para o carnaval de 2019, Thaty assumiu a ala de passistas da Botafogo Samba Clube e ficou para os desfiles de 2019, 2020 e 2022, sendo premiada como melhor ala de passistas da s\u00e9rie prata, pelo Pr\u00eamio Samba na Veia, em 2020 e 2022. Em 2023 assumiu a ala de Passistas Lobo Forte, na Independentes de Olaria e no desfile de 2024 foi finalista do Pr\u00eamio Machine.<\/p>\n","protected":false},"excerpt":{"rendered":"<p>Thaty Salgado \u00e9 a nova Diretora da ala de passistas da Novo Imp\u00e9rio A Novo Imp\u00e9rio refor\u00e7ou sua equipe do carnaval de 2026 e anunciou a chegada de Thaty Salgado como nova diretora da ala de passistas. A profissional \u00e9 um dos nomes que chegam para impulsionar ainda mais o trabalho da agremia\u00e7\u00e3o, que desfilar\u00e1 [&hellip;]<\/p>\n","protected":false},"author":1,"featured_media":2473,"comment_status":"closed","ping_status":"closed","sticky":false,"template":"","format":"standard","meta":{"footnotes":""},"categories":[14],"tags":[151,163,155,153,154,159,152,162],"class_list":["post-2472","post","type-post","status-publish","format-standard","has-post-thumbnail","hentry","category-gadgets","tag-carnaval","tag-grupo-especial","tag-intendente-magalhaes","tag-mundo-do-carnaval","tag-rio-de-janeiro","tag-samba","tag-sapucai","tag-serie-ouro"],"_links":{"self":[{"href":"https:\/\/mundodocarnaval.com.br\/pt_br\/wp-json\/wp\/v2\/posts\/2472","targetHints":{"allow":["GET"]}}],"collection":[{"href":"https:\/\/mundodocarnaval.com.br\/pt_br\/wp-json\/wp\/v2\/posts"}],"about":[{"href":"https:\/\/mundodocarnaval.com.br\/pt_br\/wp-json\/wp\/v2\/types\/post"}],"author":[{"embeddable":true,"href":"https:\/\/mundodocarnaval.com.br\/pt_br\/wp-json\/wp\/v2\/users\/1"}],"replies":[{"embeddable":true,"href":"https:\/\/mundodocarnaval.com.br\/pt_br\/wp-json\/wp\/v2\/comments?post=2472"}],"version-history":[{"count":1,"href":"https:\/\/mundodocarnaval.com.br\/pt_br\/wp-json\/wp\/v2\/posts\/2472\/revisions"}],"predecessor-version":[{"id":2474,"href":"https:\/\/mundodocarnaval.com.br\/pt_br\/wp-json\/wp\/v2\/posts\/2472\/revisions\/2474"}],"wp:featuredmedia":[{"embeddable":true,"href":"https:\/\/mundodocarnaval.com.br\/pt_br\/wp-json\/wp\/v2\/media\/2473"}],"wp:attachment":[{"href":"https:\/\/mundodocarnaval.com.br\/pt_br\/wp-json\/wp\/v2\/media?parent=2472"}],"wp:term":[{"taxonomy":"category","embeddable":true,"href":"https:\/\/mundodocarnaval.com.br\/pt_br\/wp-json\/wp\/v2\/categories?post=2472"},{"taxonomy":"post_tag","embeddable":true,"href":"https:\/\/mundodocarnaval.com.br\/pt_br\/wp-json\/wp\/v2\/tags?post=2472"}],"curies":[{"name":"wp","href":"https:\/\/api.w.org\/{rel}","templated":true}]}}