{"id":2475,"date":"2025-04-30T00:03:06","date_gmt":"2025-04-30T03:03:06","guid":{"rendered":"https:\/\/mundodocarnaval.com.br\/?p=2475"},"modified":"2025-04-30T00:03:06","modified_gmt":"2025-04-30T03:03:06","slug":"festa-do-dia-do-trabalhador-barca-do-samba-vai-partir-no-dia-1-de-maio-rumo-a-paqueta","status":"publish","type":"post","link":"https:\/\/mundodocarnaval.com.br\/pt_br\/festa-do-dia-do-trabalhador-barca-do-samba-vai-partir-no-dia-1-de-maio-rumo-a-paqueta\/","title":{"rendered":"Festa do Dia do Trabalhador &#8211; Barca do Samba vai partir no dia 1\u00b0 de Maio rumo \u00e0 Paquet\u00e1."},"content":{"rendered":"<p>Festa do Dia do Trabalhador: Barca do Samba vai partir no Dia 1\u00ba de Maio, rumo \u00e0 Paquet\u00e1.<\/p>\n<p>O Evento organizado pelo Casar\u00e3o do Firmino, ter\u00e1 os Grupos Arruda, Samba do Xox\u00f3 e Como Antigamente.<\/p>\n<p>No Dia do Trabalhador, 1\u00ba de Maio, o Casar\u00e3o do Firmino realiza o maior evento de Samba no Rio de Janeiro: \u201cA Barca do Samba \u201c ser\u00e1 um acontecimento inesquec\u00edvel com muito ziriguidum e balacobaco, com as seguintes Barcas: \u00c0s 10h sai a Barca do Grupo Como Antigamente, \u00e0s 11h30 vamos com a Barca do Grupo Xox\u00f3 e \u00e0s 13h00, sai a \u00faltima, a Barca do Grupo Arruda.<br \/>\nA ideia \u00e9 a seguinte: Chegou na Pra\u00e7a XV, se dirija \u00e0 uma das embarca\u00e7\u00f5es que estar\u00e3o aportadas e venha com muita energia, alegria e descontra\u00e7\u00e3o para um dia que ficar\u00e1 registrado na mem\u00f3ria!<br \/>\nAs rodas de sambas ir\u00e3o desembarcar na Ilha de Paquet\u00e1 e o grande encontro acontecer\u00e1 na Pra\u00e7a S\u00e3o Roque, em Paquet\u00e1.<\/p>\n<p>O evento tem previs\u00e3o de in\u00edcio \u00e0s 12h, com DJ Nicolle Neumann colocando todo mundo para dan\u00e7ar e sambar.<\/p>\n<p>Mais informa\u00e7\u00f5es: 21 99926-5295<\/p>\n<p>Classifica\u00e7\u00e3o: Livre<\/p>\n<p>Fiquem ligadinhos para n\u00e3o perder os hor\u00e1rios das Barcas. https:\/\/barcasrio.com.br\/linhas-horarios-e-tarifas\/<\/p>\n<p>Cronograma Paquet\u00e1<\/p>\n<p>10h &#8211; Barca Como Antigamente<br \/>\n11h30 &#8211; Barca Xox\u00f3<br \/>\n13h00 &#8211; Barca Arruda<\/p>\n<p>12h00 \u2013 Como Antigamente<br \/>\n14h00 &#8211; intervalo<br \/>\n14h30 &#8211; Xox\u00f3<br \/>\n16h30 &#8211; troca de m\u00fasicos<br \/>\n16h45 &#8211; Arruda<br \/>\n18h00 &#8211; Fim do Evento<br \/>\n19h00 &#8211; Entrega da Pra\u00e7a<\/p>\n<p>(Pra\u00e7a XV x Paquet\u00e1)<br \/>\nFINS DE SEMANA E FERIADOS: 4h30, 7h00, 8h30, 10h00, 11h30, 13h, 14h30, 16h00, 17h30, 19h00, 20h30, 22h00, 00h00<\/p>\n<p>(Paquet\u00e1 x Pra\u00e7a XV)<br \/>\nFINS DE SEMANA E FERIADOS: 6h00, 8h30, 10h00,11h30, 13h00, 14h30 (hor\u00e1rio de carga), 16h00, 17h30. 19h00, 20h30, 22h00, 23h30<\/p>\n","protected":false},"excerpt":{"rendered":"<p>Festa do Dia do Trabalhador: Barca do Samba vai partir no Dia 1\u00ba de Maio, rumo \u00e0 Paquet\u00e1. O Evento organizado pelo Casar\u00e3o do Firmino, ter\u00e1 os Grupos Arruda, Samba do Xox\u00f3 e Como Antigamente. No Dia do Trabalhador, 1\u00ba de Maio, o Casar\u00e3o do Firmino realiza o maior evento de Samba no Rio de [&hellip;]<\/p>\n","protected":false},"author":1,"featured_media":2476,"comment_status":"closed","ping_status":"closed","sticky":false,"template":"","format":"standard","meta":{"footnotes":""},"categories":[11],"tags":[151,163,155,153,154,159,152,162],"class_list":["post-2475","post","type-post","status-publish","format-standard","has-post-thumbnail","hentry","category-noticias","tag-carnaval","tag-grupo-especial","tag-intendente-magalhaes","tag-mundo-do-carnaval","tag-rio-de-janeiro","tag-samba","tag-sapucai","tag-serie-ouro"],"_links":{"self":[{"href":"https:\/\/mundodocarnaval.com.br\/pt_br\/wp-json\/wp\/v2\/posts\/2475","targetHints":{"allow":["GET"]}}],"collection":[{"href":"https:\/\/mundodocarnaval.com.br\/pt_br\/wp-json\/wp\/v2\/posts"}],"about":[{"href":"https:\/\/mundodocarnaval.com.br\/pt_br\/wp-json\/wp\/v2\/types\/post"}],"author":[{"embeddable":true,"href":"https:\/\/mundodocarnaval.com.br\/pt_br\/wp-json\/wp\/v2\/users\/1"}],"replies":[{"embeddable":true,"href":"https:\/\/mundodocarnaval.com.br\/pt_br\/wp-json\/wp\/v2\/comments?post=2475"}],"version-history":[{"count":1,"href":"https:\/\/mundodocarnaval.com.br\/pt_br\/wp-json\/wp\/v2\/posts\/2475\/revisions"}],"predecessor-version":[{"id":2477,"href":"https:\/\/mundodocarnaval.com.br\/pt_br\/wp-json\/wp\/v2\/posts\/2475\/revisions\/2477"}],"wp:featuredmedia":[{"embeddable":true,"href":"https:\/\/mundodocarnaval.com.br\/pt_br\/wp-json\/wp\/v2\/media\/2476"}],"wp:attachment":[{"href":"https:\/\/mundodocarnaval.com.br\/pt_br\/wp-json\/wp\/v2\/media?parent=2475"}],"wp:term":[{"taxonomy":"category","embeddable":true,"href":"https:\/\/mundodocarnaval.com.br\/pt_br\/wp-json\/wp\/v2\/categories?post=2475"},{"taxonomy":"post_tag","embeddable":true,"href":"https:\/\/mundodocarnaval.com.br\/pt_br\/wp-json\/wp\/v2\/tags?post=2475"}],"curies":[{"name":"wp","href":"https:\/\/api.w.org\/{rel}","templated":true}]}}