{"id":2478,"date":"2025-04-30T00:09:58","date_gmt":"2025-04-30T03:09:58","guid":{"rendered":"https:\/\/mundodocarnaval.com.br\/?p=2478"},"modified":"2025-04-30T00:09:58","modified_gmt":"2025-04-30T03:09:58","slug":"mocidade-independente-realiza-tradicional-feijoada-com-apresentacao-do-cantor-igor-vianna","status":"publish","type":"post","link":"https:\/\/mundodocarnaval.com.br\/pt_br\/mocidade-independente-realiza-tradicional-feijoada-com-apresentacao-do-cantor-igor-vianna\/","title":{"rendered":"Mocidade Independente realiza tradicional feijoada com apresenta\u00e7\u00e3o do cantor Igor Vianna"},"content":{"rendered":"<p>Mocidade Independente realiza tradicional feijoada com apresenta\u00e7\u00e3o do cantor Igor Vianna<\/p>\n<p>A Mocidade Independente de Padre Miguel realiza neste domingo (4), a partir das 13h, mais uma edi\u00e7\u00e3o da tradicional feijoada na quadra da Vila Vint\u00e9m. O evento promete uma tarde repleta de anima\u00e7\u00e3o e muito samba, em tarde que marcar\u00e1 a apresenta\u00e7\u00e3o oficial do cantor Igor Vianna.<\/p>\n<p>Al\u00e9m do show da N\u00e3o Existe Mais Quente, sob o comando do Mestre Dudu, o p\u00fablico poder\u00e1 desfrutar de uma apresenta\u00e7\u00e3o especial do grupo S.E.R, que virou sensa\u00e7\u00e3o do Bar Bar\u00f3dromo, ao cantar sambas hist\u00f3ricos e animar\u00e1 os Independentes neste reencontro na Vint\u00e9m.<\/p>\n<p>Outra novidade especialmente preparada para os torcedores da verde e branca \u00e9 que quem estiver vestindo a camisa da Mocidade ter\u00e1 entrada gratuita. Os camarotes e as mesas j\u00e1 est\u00e3o esgotados.<\/p>\n<p>Feijoada da Mocidade Independente de Padre Miguel<br \/>\nData: 4 de maior<br \/>\nHor\u00e1rio: a partir das 13h<br \/>\nLocal: Quadra da Vila Vint\u00e9m &#8211; R. Cel. Tamarindo, 38 &#8211; Vila Vint\u00e9m<br \/>\nAtra\u00e7\u00f5es: Show tradicional com os segmentos da Mocidade Independente, al\u00e9m do grupo Samba Enredo Raiz (S.E.R) <\/p>\n","protected":false},"excerpt":{"rendered":"<p>Mocidade Independente realiza tradicional feijoada com apresenta\u00e7\u00e3o do cantor Igor Vianna A Mocidade Independente de Padre Miguel realiza neste domingo (4), a partir das 13h, mais uma edi\u00e7\u00e3o da tradicional feijoada na quadra da Vila Vint\u00e9m. O evento promete uma tarde repleta de anima\u00e7\u00e3o e muito samba, em tarde que marcar\u00e1 a apresenta\u00e7\u00e3o oficial do [&hellip;]<\/p>\n","protected":false},"author":1,"featured_media":2479,"comment_status":"closed","ping_status":"closed","sticky":false,"template":"","format":"standard","meta":{"footnotes":""},"categories":[12],"tags":[151,163,155,153,154,159,152,162],"class_list":["post-2478","post","type-post","status-publish","format-standard","has-post-thumbnail","hentry","category-grupo-especial","tag-carnaval","tag-grupo-especial","tag-intendente-magalhaes","tag-mundo-do-carnaval","tag-rio-de-janeiro","tag-samba","tag-sapucai","tag-serie-ouro"],"_links":{"self":[{"href":"https:\/\/mundodocarnaval.com.br\/pt_br\/wp-json\/wp\/v2\/posts\/2478","targetHints":{"allow":["GET"]}}],"collection":[{"href":"https:\/\/mundodocarnaval.com.br\/pt_br\/wp-json\/wp\/v2\/posts"}],"about":[{"href":"https:\/\/mundodocarnaval.com.br\/pt_br\/wp-json\/wp\/v2\/types\/post"}],"author":[{"embeddable":true,"href":"https:\/\/mundodocarnaval.com.br\/pt_br\/wp-json\/wp\/v2\/users\/1"}],"replies":[{"embeddable":true,"href":"https:\/\/mundodocarnaval.com.br\/pt_br\/wp-json\/wp\/v2\/comments?post=2478"}],"version-history":[{"count":1,"href":"https:\/\/mundodocarnaval.com.br\/pt_br\/wp-json\/wp\/v2\/posts\/2478\/revisions"}],"predecessor-version":[{"id":2480,"href":"https:\/\/mundodocarnaval.com.br\/pt_br\/wp-json\/wp\/v2\/posts\/2478\/revisions\/2480"}],"wp:featuredmedia":[{"embeddable":true,"href":"https:\/\/mundodocarnaval.com.br\/pt_br\/wp-json\/wp\/v2\/media\/2479"}],"wp:attachment":[{"href":"https:\/\/mundodocarnaval.com.br\/pt_br\/wp-json\/wp\/v2\/media?parent=2478"}],"wp:term":[{"taxonomy":"category","embeddable":true,"href":"https:\/\/mundodocarnaval.com.br\/pt_br\/wp-json\/wp\/v2\/categories?post=2478"},{"taxonomy":"post_tag","embeddable":true,"href":"https:\/\/mundodocarnaval.com.br\/pt_br\/wp-json\/wp\/v2\/tags?post=2478"}],"curies":[{"name":"wp","href":"https:\/\/api.w.org\/{rel}","templated":true}]}}