{"id":2481,"date":"2025-04-30T01:00:30","date_gmt":"2025-04-30T04:00:30","guid":{"rendered":"https:\/\/mundodocarnaval.com.br\/?p=2481"},"modified":"2025-04-30T01:00:30","modified_gmt":"2025-04-30T04:00:30","slug":"sob-novo-comando-bateria-cadencia-de-niteroi-inicia-ensaios-nesta-quarta-30","status":"publish","type":"post","link":"https:\/\/mundodocarnaval.com.br\/pt_br\/sob-novo-comando-bateria-cadencia-de-niteroi-inicia-ensaios-nesta-quarta-30\/","title":{"rendered":"Sob novo comando, bateria \u201cCad\u00eancia de Niter\u00f3i\u201d inicia ensaios nesta quarta, 30"},"content":{"rendered":"<p>Sob novo comando, bateria \u201cCad\u00eancia de Niter\u00f3i\u201d inicia ensaios nesta quarta, 30<\/p>\n<p>Dando o pontap\u00e9 inicial nos preparativos para o carnaval de 2026, a bateria Cad\u00eancia de Niter\u00f3i realizar\u00e1, nesta quarta-feira, 30, uma reuni\u00e3o do segmento e o primeiro ensaio com os ritmistas. Sob o comando do rec\u00e9m contratado, Mestre Vitinho, os interessados em desfilar na bateria devem comparecer no local e procurar a dire\u00e7\u00e3o do segmento.<\/p>\n<p>&#8211; J\u00e1 vamos come\u00e7ar a nossa busca pelos 40 pontos no Grupo Especial. O primeiro ensaio \u00e9 primordial para j\u00e1 saber o time que ir\u00e1 conosco nesta caminhada. Aguardo todos os ritmistas da casa e os interessados em entrar na bateria s\u00e3o super bem-vindos. Vamos juntos fortalecer ainda mais a nossa \u201cCad\u00eancia de Niter\u00f3i\u201d \u2013 Revela Mestre Vitinho.<\/p>\n<p>O primeiro ensaio acontecer\u00e1 nesta quarta-feira, \u00e0s 20h28, na quadra da escola, localizada na Rua Xavier Brito, 22 \u2013 Niter\u00f3i. <\/p>\n<p>Fotos: Gabriel Belmiro \/ Divulga\u00e7\u00e3o Gardel Assessoria <\/p>\n","protected":false},"excerpt":{"rendered":"<p>Sob novo comando, bateria \u201cCad\u00eancia de Niter\u00f3i\u201d inicia ensaios nesta quarta, 30 Dando o pontap\u00e9 inicial nos preparativos para o carnaval de 2026, a bateria Cad\u00eancia de Niter\u00f3i realizar\u00e1, nesta quarta-feira, 30, uma reuni\u00e3o do segmento e o primeiro ensaio com os ritmistas. Sob o comando do rec\u00e9m contratado, Mestre Vitinho, os interessados em desfilar [&hellip;]<\/p>\n","protected":false},"author":1,"featured_media":2482,"comment_status":"closed","ping_status":"closed","sticky":false,"template":"","format":"standard","meta":{"footnotes":""},"categories":[12],"tags":[],"class_list":["post-2481","post","type-post","status-publish","format-standard","has-post-thumbnail","hentry","category-grupo-especial"],"_links":{"self":[{"href":"https:\/\/mundodocarnaval.com.br\/pt_br\/wp-json\/wp\/v2\/posts\/2481","targetHints":{"allow":["GET"]}}],"collection":[{"href":"https:\/\/mundodocarnaval.com.br\/pt_br\/wp-json\/wp\/v2\/posts"}],"about":[{"href":"https:\/\/mundodocarnaval.com.br\/pt_br\/wp-json\/wp\/v2\/types\/post"}],"author":[{"embeddable":true,"href":"https:\/\/mundodocarnaval.com.br\/pt_br\/wp-json\/wp\/v2\/users\/1"}],"replies":[{"embeddable":true,"href":"https:\/\/mundodocarnaval.com.br\/pt_br\/wp-json\/wp\/v2\/comments?post=2481"}],"version-history":[{"count":1,"href":"https:\/\/mundodocarnaval.com.br\/pt_br\/wp-json\/wp\/v2\/posts\/2481\/revisions"}],"predecessor-version":[{"id":2483,"href":"https:\/\/mundodocarnaval.com.br\/pt_br\/wp-json\/wp\/v2\/posts\/2481\/revisions\/2483"}],"wp:featuredmedia":[{"embeddable":true,"href":"https:\/\/mundodocarnaval.com.br\/pt_br\/wp-json\/wp\/v2\/media\/2482"}],"wp:attachment":[{"href":"https:\/\/mundodocarnaval.com.br\/pt_br\/wp-json\/wp\/v2\/media?parent=2481"}],"wp:term":[{"taxonomy":"category","embeddable":true,"href":"https:\/\/mundodocarnaval.com.br\/pt_br\/wp-json\/wp\/v2\/categories?post=2481"},{"taxonomy":"post_tag","embeddable":true,"href":"https:\/\/mundodocarnaval.com.br\/pt_br\/wp-json\/wp\/v2\/tags?post=2481"}],"curies":[{"name":"wp","href":"https:\/\/api.w.org\/{rel}","templated":true}]}}