{"id":2484,"date":"2025-04-30T01:15:12","date_gmt":"2025-04-30T04:15:12","guid":{"rendered":"https:\/\/mundodocarnaval.com.br\/?p=2484"},"modified":"2025-04-30T01:15:12","modified_gmt":"2025-04-30T04:15:12","slug":"vinicius-mozer-anuncia-desligamento-da-direcao-de-carnaval-do-imperio-da-tijuca","status":"publish","type":"post","link":"https:\/\/mundodocarnaval.com.br\/pt_br\/vinicius-mozer-anuncia-desligamento-da-direcao-de-carnaval-do-imperio-da-tijuca\/","title":{"rendered":"Vinicius Mozer anuncia desligamento da Dire\u00e7\u00e3o de Carnaval do Imp\u00e9rio da Tijuca"},"content":{"rendered":"<p>Vinicius Mozer anuncia desligamento da Dire\u00e7\u00e3o de Carnaval do Imp\u00e9rio da Tijuca<\/p>\n<p>Ap\u00f3s um grandioso trabalho em 2025, Vinicius Mozer anunciou a sua sa\u00edda da Dire\u00e7\u00e3o de Carnaval do Imp\u00e9rio da Tijuca. O profissional encerra seu ciclo com a verde e branca do Morro da Formiga ap\u00f3s ser premiado pelo site carnavalesco com o \u201cdesfile do ano\u201d com agremia\u00e7\u00e3o. O comunicado foi feito atrav\u00e9s das redes sociais do profissional neste domingo, 27.<\/p>\n<p>Confira a carta:<\/p>\n<p>\u201cFoi bom demais ter a oportunidade de participar ativamente do processo de reconstru\u00e7\u00e3o e reestrutura\u00e7\u00e3o dessa grande escola ap\u00f3s seu rebaixamento. Constru\u00edmos um time aguerrido, trouxemos o Imp\u00e9rio de volta para sua comunidade e vimos o Morro da Formiga novamente orgulhoso em defender seu pavilh\u00e3o. Desde o in\u00edcio sab\u00edamos do tamanho do nosso desafio, mas sempre confiamos na for\u00e7a do nosso ch\u00e3o e nos talentos criados dentro de casa para defender as cores do Primeiro Imp\u00e9rio do Samba. Em uma disputa com tantas coirm\u00e3s, tivemos conquistas importantes como o Pr\u00eamio Estrelas do Carnaval de Desfile do Ano pelo Site Carnavalesco, entre outros pr\u00eamios que reconhecem o empenho e a dedica\u00e7\u00e3o de nossa escola. Agrade\u00e7o imensamente a confian\u00e7a depositada em meu trabalho. Finalizo este projeto com sentimento de dever cumprido e desejando muita sorte e sucesso nesta nova etapa para essa escola pela qual sempre terei um carinho especial!\u201d<\/p>\n<p>Com uma trajet\u00f3ria s\u00f3lida e premiada no mundo do samba carioca, Vinicius Mozer, em 2022 e 2023, atuou como Assistente Presidencial da S.E.R.E.S. Lins Imperial, com foco em capta\u00e7\u00e3o de recursos e desenvolvimento de carnaval. Durante sua gest\u00e3o, a escola foi premiada em diversas categorias em todos os pr\u00eamios da S\u00e9rie Ouro, incluindo o prestigiado Estandarte de Ouro em 2023. Em 2024, esteve \u00e0 frente da Diretoria Financeira da G.R.E.S. Em Cima da Hora.<\/p>\n","protected":false},"excerpt":{"rendered":"<p>Vinicius Mozer anuncia desligamento da Dire\u00e7\u00e3o de Carnaval do Imp\u00e9rio da Tijuca Ap\u00f3s um grandioso trabalho em 2025, Vinicius Mozer anunciou a sua sa\u00edda da Dire\u00e7\u00e3o de Carnaval do Imp\u00e9rio da Tijuca. O profissional encerra seu ciclo com a verde e branca do Morro da Formiga ap\u00f3s ser premiado pelo site carnavalesco com o \u201cdesfile [&hellip;]<\/p>\n","protected":false},"author":1,"featured_media":2485,"comment_status":"closed","ping_status":"closed","sticky":false,"template":"","format":"standard","meta":{"footnotes":""},"categories":[14],"tags":[151,163,155,153,154,159,152,162],"class_list":["post-2484","post","type-post","status-publish","format-standard","has-post-thumbnail","hentry","category-gadgets","tag-carnaval","tag-grupo-especial","tag-intendente-magalhaes","tag-mundo-do-carnaval","tag-rio-de-janeiro","tag-samba","tag-sapucai","tag-serie-ouro"],"_links":{"self":[{"href":"https:\/\/mundodocarnaval.com.br\/pt_br\/wp-json\/wp\/v2\/posts\/2484","targetHints":{"allow":["GET"]}}],"collection":[{"href":"https:\/\/mundodocarnaval.com.br\/pt_br\/wp-json\/wp\/v2\/posts"}],"about":[{"href":"https:\/\/mundodocarnaval.com.br\/pt_br\/wp-json\/wp\/v2\/types\/post"}],"author":[{"embeddable":true,"href":"https:\/\/mundodocarnaval.com.br\/pt_br\/wp-json\/wp\/v2\/users\/1"}],"replies":[{"embeddable":true,"href":"https:\/\/mundodocarnaval.com.br\/pt_br\/wp-json\/wp\/v2\/comments?post=2484"}],"version-history":[{"count":1,"href":"https:\/\/mundodocarnaval.com.br\/pt_br\/wp-json\/wp\/v2\/posts\/2484\/revisions"}],"predecessor-version":[{"id":2486,"href":"https:\/\/mundodocarnaval.com.br\/pt_br\/wp-json\/wp\/v2\/posts\/2484\/revisions\/2486"}],"wp:featuredmedia":[{"embeddable":true,"href":"https:\/\/mundodocarnaval.com.br\/pt_br\/wp-json\/wp\/v2\/media\/2485"}],"wp:attachment":[{"href":"https:\/\/mundodocarnaval.com.br\/pt_br\/wp-json\/wp\/v2\/media?parent=2484"}],"wp:term":[{"taxonomy":"category","embeddable":true,"href":"https:\/\/mundodocarnaval.com.br\/pt_br\/wp-json\/wp\/v2\/categories?post=2484"},{"taxonomy":"post_tag","embeddable":true,"href":"https:\/\/mundodocarnaval.com.br\/pt_br\/wp-json\/wp\/v2\/tags?post=2484"}],"curies":[{"name":"wp","href":"https:\/\/api.w.org\/{rel}","templated":true}]}}