{"id":2489,"date":"2025-04-30T01:38:43","date_gmt":"2025-04-30T04:38:43","guid":{"rendered":"https:\/\/mundodocarnaval.com.br\/?p=2489"},"modified":"2025-04-30T12:26:04","modified_gmt":"2025-04-30T15:26:04","slug":"gres-avenida-brasil-realizou-feijoada-e-apresentou-sua-equipe-para-o-carnaval-2026","status":"publish","type":"post","link":"https:\/\/mundodocarnaval.com.br\/pt_br\/gres-avenida-brasil-realizou-feijoada-e-apresentou-sua-equipe-para-o-carnaval-2026\/","title":{"rendered":"GRES. Avenida Brasil realizou feijoada e apresentou sua equipe e o Enredo para o Carnaval 2026"},"content":{"rendered":"<p>O evento aconteceu com a presen\u00e7a de grandes nomes do mundo do samba. O GRES. Avenida Brasil realizou neste domingo (27), em sua quadra localizada na Pequena \u00c1frica na Gamboa, sua primeira feijoada e as apresenta\u00e7\u00f5es de sua equipe e de seu enredo \u201cGentileza Gera Perfei\u00e7\u00e3o Viol\u00eancia N\u00e3o\u201d para o Carnaval 2026.<br \/>\nO grupo Vai na F\u00e9 animou a primeira parte do evento, que teve o seu encerramento com apresenta\u00e7\u00e3o da Bateria e segmentos da Escola.<\/p>\n","protected":false},"excerpt":{"rendered":"<p>O evento aconteceu com a presen\u00e7a de grandes nomes do mundo do samba. O GRES. Avenida Brasil realizou neste domingo (27), em sua quadra localizada na Pequena \u00c1frica na Gamboa, sua primeira feijoada e as apresenta\u00e7\u00f5es de sua equipe e de seu enredo \u201cGentileza Gera Perfei\u00e7\u00e3o Viol\u00eancia N\u00e3o\u201d para o Carnaval 2026. O grupo Vai [&hellip;]<\/p>\n","protected":false},"author":1,"featured_media":2500,"comment_status":"closed","ping_status":"closed","sticky":false,"template":"","format":"standard","meta":{"footnotes":""},"categories":[11],"tags":[151,163,155,153,154,159,152,162],"class_list":["post-2489","post","type-post","status-publish","format-standard","has-post-thumbnail","hentry","category-noticias","tag-carnaval","tag-grupo-especial","tag-intendente-magalhaes","tag-mundo-do-carnaval","tag-rio-de-janeiro","tag-samba","tag-sapucai","tag-serie-ouro"],"_links":{"self":[{"href":"https:\/\/mundodocarnaval.com.br\/pt_br\/wp-json\/wp\/v2\/posts\/2489","targetHints":{"allow":["GET"]}}],"collection":[{"href":"https:\/\/mundodocarnaval.com.br\/pt_br\/wp-json\/wp\/v2\/posts"}],"about":[{"href":"https:\/\/mundodocarnaval.com.br\/pt_br\/wp-json\/wp\/v2\/types\/post"}],"author":[{"embeddable":true,"href":"https:\/\/mundodocarnaval.com.br\/pt_br\/wp-json\/wp\/v2\/users\/1"}],"replies":[{"embeddable":true,"href":"https:\/\/mundodocarnaval.com.br\/pt_br\/wp-json\/wp\/v2\/comments?post=2489"}],"version-history":[{"count":3,"href":"https:\/\/mundodocarnaval.com.br\/pt_br\/wp-json\/wp\/v2\/posts\/2489\/revisions"}],"predecessor-version":[{"id":2502,"href":"https:\/\/mundodocarnaval.com.br\/pt_br\/wp-json\/wp\/v2\/posts\/2489\/revisions\/2502"}],"wp:featuredmedia":[{"embeddable":true,"href":"https:\/\/mundodocarnaval.com.br\/pt_br\/wp-json\/wp\/v2\/media\/2500"}],"wp:attachment":[{"href":"https:\/\/mundodocarnaval.com.br\/pt_br\/wp-json\/wp\/v2\/media?parent=2489"}],"wp:term":[{"taxonomy":"category","embeddable":true,"href":"https:\/\/mundodocarnaval.com.br\/pt_br\/wp-json\/wp\/v2\/categories?post=2489"},{"taxonomy":"post_tag","embeddable":true,"href":"https:\/\/mundodocarnaval.com.br\/pt_br\/wp-json\/wp\/v2\/tags?post=2489"}],"curies":[{"name":"wp","href":"https:\/\/api.w.org\/{rel}","templated":true}]}}