{"id":2503,"date":"2025-04-30T17:46:45","date_gmt":"2025-04-30T20:46:45","guid":{"rendered":"https:\/\/mundodocarnaval.com.br\/?p=2503"},"modified":"2025-04-30T17:46:46","modified_gmt":"2025-04-30T20:46:46","slug":"inocentes-aposta-em-leonardo-brandao-e-vitor-leite-no-comando-da-harmonia-em-2026","status":"publish","type":"post","link":"https:\/\/mundodocarnaval.com.br\/pt_br\/inocentes-aposta-em-leonardo-brandao-e-vitor-leite-no-comando-da-harmonia-em-2026\/","title":{"rendered":"Inocentes aposta em Leonardo Brand\u00e3o e Vitor Leite no comando da Harmonia em 2026"},"content":{"rendered":"<p>A Inocentes de Belford Roxo, formando o time para 2026, contratou na tarde desta ter\u00e7a-feira (30), para comandar o departamento de Harmonia, Leonardo Brand\u00e3o e Vitor Leite, que receberam o convite do presidente de Honra, Reginaldo Gomes.<\/p>\n<p>A dupla de diretores trabalha juntos desde 2018, e pretendem atuar em parceria respeitando os componentes em prol da Inocentes.<\/p>\n<p>&#8220;Estou muito entusiasmado com o convite, pois a Inocentes \u00e9 uma agremia\u00e7\u00e3o forte. O carinho e respeito pelos componentes ir\u00e3o nortear nosso trabalho. Conduziremos nossa comunidade com muito profissionalismo e buscando sempre o melhor para o nosso pavilh\u00e3o\u201d, disse Leonardo Brand\u00e3o.<\/p>\n<p>Leonardo possui passagens pelo Imp\u00e9rio Serrano, Unidos da Tijuca (campe\u00e3 2010 e 2012), Uni\u00e3o da Ilha e Portela (campe\u00e3o em 2017, como Diretor Geral de Harmonia). E atualmente atua no Departamento de Carnaval da Portela.<\/p>\n<p>&#8220;Meu trabalho \u00e9 s\u00e9rio e focado em atingir o grau m\u00e1ximo de excel\u00eancia. Pretendo colocar em pr\u00e1tica essa doutrina com toda minha experi\u00eancia, sempre respeitando todos os segmentos em parceria com os componentes. A Inocentes \u00e9 uma escola extremamente competitiva, gra\u00e7as a administra\u00e7\u00e3o dos presidentes de Honra, Reginaldo Gomes e Rodrigo Gomes, que n\u00e3o medem esfor\u00e7os para colocar a escola na avenida, e este foi o principal motivo para aceitar o convite&#8221;, falou Vitor Leite.<\/p>\n<p>Vitor atuou no quadro da Harmonia das seguintes agremia\u00e7\u00f5es: Tuiuti, Portela, Est\u00e1cio de S\u00e1, Uni\u00e3o de Jacarepagu\u00e1, Caprichosos de Pilares e Renascer de Jacarepagu\u00e1, Tuiuti e Est\u00e1cio de S\u00e1. Integra a comiss\u00e3o de Harmonia da Portela.<\/p>\n<p>Este final de semana os novos comandantes da Harmonia da Ca\u00e7ulinha da Baixada ir\u00e3o ao barrac\u00e3o de alegorias, na Gamboa, para realizar uma reuni\u00e3o com o diretor geral de Carnaval, Julinho Fonseca.<\/p>\n<p>Foto (fot\u00f3grafo William Davoli ) 1: Os novos diretores geral de Harmonia Leonardo Brand\u00e3o e Vitor Leite, felizes pela miss\u00e3o na Inocentes.<\/p>\n","protected":false},"excerpt":{"rendered":"<p>A Inocentes de Belford Roxo, formando o time para 2026, contratou na tarde desta ter\u00e7a-feira (30), para comandar o departamento de Harmonia, Leonardo Brand\u00e3o e Vitor Leite, que receberam o convite do presidente de Honra, Reginaldo Gomes. A dupla de diretores trabalha juntos desde 2018, e pretendem atuar em parceria respeitando os componentes em prol [&hellip;]<\/p>\n","protected":false},"author":1,"featured_media":2504,"comment_status":"closed","ping_status":"closed","sticky":false,"template":"","format":"standard","meta":{"footnotes":""},"categories":[13],"tags":[151,163,155,153,154,159,152,162],"class_list":["post-2503","post","type-post","status-publish","format-standard","has-post-thumbnail","hentry","category-fashion","tag-carnaval","tag-grupo-especial","tag-intendente-magalhaes","tag-mundo-do-carnaval","tag-rio-de-janeiro","tag-samba","tag-sapucai","tag-serie-ouro"],"_links":{"self":[{"href":"https:\/\/mundodocarnaval.com.br\/pt_br\/wp-json\/wp\/v2\/posts\/2503","targetHints":{"allow":["GET"]}}],"collection":[{"href":"https:\/\/mundodocarnaval.com.br\/pt_br\/wp-json\/wp\/v2\/posts"}],"about":[{"href":"https:\/\/mundodocarnaval.com.br\/pt_br\/wp-json\/wp\/v2\/types\/post"}],"author":[{"embeddable":true,"href":"https:\/\/mundodocarnaval.com.br\/pt_br\/wp-json\/wp\/v2\/users\/1"}],"replies":[{"embeddable":true,"href":"https:\/\/mundodocarnaval.com.br\/pt_br\/wp-json\/wp\/v2\/comments?post=2503"}],"version-history":[{"count":1,"href":"https:\/\/mundodocarnaval.com.br\/pt_br\/wp-json\/wp\/v2\/posts\/2503\/revisions"}],"predecessor-version":[{"id":2505,"href":"https:\/\/mundodocarnaval.com.br\/pt_br\/wp-json\/wp\/v2\/posts\/2503\/revisions\/2505"}],"wp:featuredmedia":[{"embeddable":true,"href":"https:\/\/mundodocarnaval.com.br\/pt_br\/wp-json\/wp\/v2\/media\/2504"}],"wp:attachment":[{"href":"https:\/\/mundodocarnaval.com.br\/pt_br\/wp-json\/wp\/v2\/media?parent=2503"}],"wp:term":[{"taxonomy":"category","embeddable":true,"href":"https:\/\/mundodocarnaval.com.br\/pt_br\/wp-json\/wp\/v2\/categories?post=2503"},{"taxonomy":"post_tag","embeddable":true,"href":"https:\/\/mundodocarnaval.com.br\/pt_br\/wp-json\/wp\/v2\/tags?post=2503"}],"curies":[{"name":"wp","href":"https:\/\/api.w.org\/{rel}","templated":true}]}}