{"id":2513,"date":"2025-05-07T19:07:35","date_gmt":"2025-05-07T22:07:35","guid":{"rendered":"https:\/\/mundodocarnaval.com.br\/?p=2513"},"modified":"2025-05-07T19:07:35","modified_gmt":"2025-05-07T22:07:35","slug":"unidos-de-padre-miguel-anuncia-enredo-com-forca-ancestral-e-exalta-clara-camarao-no-carnaval-2026","status":"publish","type":"post","link":"https:\/\/mundodocarnaval.com.br\/pt_br\/unidos-de-padre-miguel-anuncia-enredo-com-forca-ancestral-e-exalta-clara-camarao-no-carnaval-2026\/","title":{"rendered":"Unidos de Padre Miguel anuncia enredo com for\u00e7a ancestral e exalta Clara Camar\u00e3o no Carnaval 2026"},"content":{"rendered":"<p>Unidos de Padre Miguel anuncia enredo com for\u00e7a ancestral e exalta Clara Camar\u00e3o no Carnaval 2026<\/p>\n<p>Com Kunh\u00e3-Et\u00e9: O Sopro Sagrado da Jurema, a escola leva \u00e0 Sapuca\u00ed a hist\u00f3ria da guerreira ind\u00edgena que se tornou s\u00edmbolo de coragem, lideran\u00e7a e resist\u00eancia feminina no Brasil colonial.<\/p>\n<p>A Unidos de Padre Miguel revelou na noite desta quarta-feira (30), o enredo que levar\u00e1 \u00e0 Marqu\u00eas de Sapuca\u00ed no Carnaval 2026. Com uma proposta marcada por for\u00e7a e ancestralidade, o Boi Vermelho da Zona Oeste contar\u00e1 a hist\u00f3ria de Clara Camar\u00e3o, guerreira ind\u00edgena potiguara que enfrentou a invas\u00e3o holandesa no Brasil colonial.<\/p>\n<p>Intitulado \u201cKunh\u00e3-Et\u00e9: O Sopro Sagrado da Jurema\u201d, o enredo \u00e9 assinado pelo carnavalesco Lucas Milato e pelos enredistas Clark Mangabeira e Victor Marques, e destaca o protagonismo de uma mulher que uniu bravura, espiritualidade e identidade ind\u00edgena em plena resist\u00eancia do s\u00e9culo XVII.<\/p>\n<p>Batizada por jesu\u00edtas, Clara recebeu o nome crist\u00e3o e o sobrenome do marido, o tamb\u00e9m guerreiro ind\u00edgena Ant\u00f4nio Felipe Camar\u00e3o \u2014 Poti, em tupi. Juntos, participaram de combates decisivos como a Batalha de Tejucupapo (1646) e a Primeira Batalha dos Guararapes (1648), tornando-se s\u00edmbolos da luta contra o colonizador.<\/p>\n<p>\u201cClara Camar\u00e3o representa a for\u00e7a da mulher brasileira, da mulher ind\u00edgena, que defende seu povo, sua terra e sua identidade. \u00c9 um enredo que exalta a nossa brasilidade e valoriza figuras apagadas pela hist\u00f3ria oficial. Temos orgulho de levar essa narrativa potente para a Sapuca\u00ed\u201d, afirma a presidente da escola, Lara Mara.<\/p>\n<p>A trajet\u00f3ria da hero\u00edna tamb\u00e9m se conecta \u00e0 espiritualidade dos povos origin\u00e1rios, especialmente \u00e0s tradi\u00e7\u00f5es do Tor\u00e9 e da Jurema, manifesta\u00e7\u00f5es de f\u00e9 e resist\u00eancia que seguem vivas no Nordeste ind\u00edgena.<\/p>\n<p>Em breve, a escola divulgar\u00e1 a data da entrega da sinopse e o calend\u00e1rio oficial da disputa de samba-enredo.<\/p>\n","protected":false},"excerpt":{"rendered":"<p>Unidos de Padre Miguel anuncia enredo com for\u00e7a ancestral e exalta Clara Camar\u00e3o no Carnaval 2026 Com Kunh\u00e3-Et\u00e9: O Sopro Sagrado da Jurema, a escola leva \u00e0 Sapuca\u00ed a hist\u00f3ria da guerreira ind\u00edgena que se tornou s\u00edmbolo de coragem, lideran\u00e7a e resist\u00eancia feminina no Brasil colonial. A Unidos de Padre Miguel revelou na noite desta [&hellip;]<\/p>\n","protected":false},"author":1,"featured_media":2514,"comment_status":"closed","ping_status":"closed","sticky":false,"template":"","format":"standard","meta":{"footnotes":""},"categories":[13],"tags":[151,163,155,153,154,159,152,162],"class_list":["post-2513","post","type-post","status-publish","format-standard","has-post-thumbnail","hentry","category-fashion","tag-carnaval","tag-grupo-especial","tag-intendente-magalhaes","tag-mundo-do-carnaval","tag-rio-de-janeiro","tag-samba","tag-sapucai","tag-serie-ouro"],"_links":{"self":[{"href":"https:\/\/mundodocarnaval.com.br\/pt_br\/wp-json\/wp\/v2\/posts\/2513","targetHints":{"allow":["GET"]}}],"collection":[{"href":"https:\/\/mundodocarnaval.com.br\/pt_br\/wp-json\/wp\/v2\/posts"}],"about":[{"href":"https:\/\/mundodocarnaval.com.br\/pt_br\/wp-json\/wp\/v2\/types\/post"}],"author":[{"embeddable":true,"href":"https:\/\/mundodocarnaval.com.br\/pt_br\/wp-json\/wp\/v2\/users\/1"}],"replies":[{"embeddable":true,"href":"https:\/\/mundodocarnaval.com.br\/pt_br\/wp-json\/wp\/v2\/comments?post=2513"}],"version-history":[{"count":1,"href":"https:\/\/mundodocarnaval.com.br\/pt_br\/wp-json\/wp\/v2\/posts\/2513\/revisions"}],"predecessor-version":[{"id":2515,"href":"https:\/\/mundodocarnaval.com.br\/pt_br\/wp-json\/wp\/v2\/posts\/2513\/revisions\/2515"}],"wp:featuredmedia":[{"embeddable":true,"href":"https:\/\/mundodocarnaval.com.br\/pt_br\/wp-json\/wp\/v2\/media\/2514"}],"wp:attachment":[{"href":"https:\/\/mundodocarnaval.com.br\/pt_br\/wp-json\/wp\/v2\/media?parent=2513"}],"wp:term":[{"taxonomy":"category","embeddable":true,"href":"https:\/\/mundodocarnaval.com.br\/pt_br\/wp-json\/wp\/v2\/categories?post=2513"},{"taxonomy":"post_tag","embeddable":true,"href":"https:\/\/mundodocarnaval.com.br\/pt_br\/wp-json\/wp\/v2\/tags?post=2513"}],"curies":[{"name":"wp","href":"https:\/\/api.w.org\/{rel}","templated":true}]}}