{"id":2516,"date":"2025-05-07T19:16:36","date_gmt":"2025-05-07T22:16:36","guid":{"rendered":"https:\/\/mundodocarnaval.com.br\/?p=2516"},"modified":"2025-05-07T19:16:36","modified_gmt":"2025-05-07T22:16:36","slug":"o-povo-escreve-sua-historia-em-um-sublime-pergaminho","status":"publish","type":"post","link":"https:\/\/mundodocarnaval.com.br\/pt_br\/o-povo-escreve-sua-historia-em-um-sublime-pergaminho\/","title":{"rendered":"&#8220;O povo escreve sua hist\u00f3ria em um sublime pergaminho\u201d"},"content":{"rendered":"<p>&#8220;O povo escreve sua hist\u00f3ria em um sublime pergaminho\u201d \u00e9 o enredo da Unidos de Lucas para o carnaval de 2026<\/p>\n<p>Rumo ao carnaval de 2026, a Unidos de Lucas lan\u00e7ou o seu enredo para o desfile de 2026. O Galo de Ouro da Leopoldina levar\u00e1 para a Intendente Magalh\u00e3es o tema &#8220;O povo escreve sua hist\u00f3ria em um sublime pergaminho\u201d. A agremia\u00e7\u00e3o tratar\u00e1 das revoltas que refletem a luta do povo contra a opress\u00e3o e explicitar\u00e1 a desigualdade e a injusti\u00e7a ao longo da sua hist\u00f3ria. O enredo \u00e9 de autoria do carnavalesco Lucas Lopes, que tem Paulo Neto e Fabr\u00edcio Lemos na sua equipe criativa, no aux\u00edlio de desenvolvimento.<\/p>\n<p>&#8211; Ambos os temas nos ajudam a entender melhor os conflitos sociais e a busca por direitos e mudan\u00e7as estruturais em nosso pa\u00eds, evidenciando, por fim, que o povo n\u00e3o depende de her\u00f3is e nem de salvador da P\u00e1tria, mas sim da sua pr\u00f3pria luta pela igualdade e felicidade da na\u00e7\u00e3o. \u2013 Revela o carnavalesco.<\/p>\n<p>Diferentes etnias formaram as conquistas sociais deste pa\u00eds. Estar\u00e3o no desfile os ind\u00edgenas, africanos e seus descendentes. Da opress\u00e3o colonial at\u00e9 a busca pelo voto livre e direto, o povo sempre esteve buscando formas de construir uma na\u00e7\u00e3o livre e soberana, direitos estes que podem ser amea\u00e7ados, se n\u00e3o zelarmos pelo bem estar coletivo da nossa sociedade.<\/p>\n<p>A Unidos de Lucas desfila pela S\u00e9rie Prata, na Intendente Magalh\u00e3es, e ir\u00e1 em busca do t\u00edtulo e vaga na Marqu\u00eas de Sapuca\u00ed em seu pr\u00f3ximo desfile.<\/p>\n<p>Fotos: Reprodu\u00e7\u00e3o Internet <\/p>\n","protected":false},"excerpt":{"rendered":"<p>&#8220;O povo escreve sua hist\u00f3ria em um sublime pergaminho\u201d \u00e9 o enredo da Unidos de Lucas para o carnaval de 2026 Rumo ao carnaval de 2026, a Unidos de Lucas lan\u00e7ou o seu enredo para o desfile de 2026. O Galo de Ouro da Leopoldina levar\u00e1 para a Intendente Magalh\u00e3es o tema &#8220;O povo escreve [&hellip;]<\/p>\n","protected":false},"author":1,"featured_media":2517,"comment_status":"closed","ping_status":"closed","sticky":false,"template":"","format":"standard","meta":{"footnotes":""},"categories":[14],"tags":[151,163,155,153,154,159,152,162],"class_list":["post-2516","post","type-post","status-publish","format-standard","has-post-thumbnail","hentry","category-gadgets","tag-carnaval","tag-grupo-especial","tag-intendente-magalhaes","tag-mundo-do-carnaval","tag-rio-de-janeiro","tag-samba","tag-sapucai","tag-serie-ouro"],"_links":{"self":[{"href":"https:\/\/mundodocarnaval.com.br\/pt_br\/wp-json\/wp\/v2\/posts\/2516","targetHints":{"allow":["GET"]}}],"collection":[{"href":"https:\/\/mundodocarnaval.com.br\/pt_br\/wp-json\/wp\/v2\/posts"}],"about":[{"href":"https:\/\/mundodocarnaval.com.br\/pt_br\/wp-json\/wp\/v2\/types\/post"}],"author":[{"embeddable":true,"href":"https:\/\/mundodocarnaval.com.br\/pt_br\/wp-json\/wp\/v2\/users\/1"}],"replies":[{"embeddable":true,"href":"https:\/\/mundodocarnaval.com.br\/pt_br\/wp-json\/wp\/v2\/comments?post=2516"}],"version-history":[{"count":1,"href":"https:\/\/mundodocarnaval.com.br\/pt_br\/wp-json\/wp\/v2\/posts\/2516\/revisions"}],"predecessor-version":[{"id":2518,"href":"https:\/\/mundodocarnaval.com.br\/pt_br\/wp-json\/wp\/v2\/posts\/2516\/revisions\/2518"}],"wp:featuredmedia":[{"embeddable":true,"href":"https:\/\/mundodocarnaval.com.br\/pt_br\/wp-json\/wp\/v2\/media\/2517"}],"wp:attachment":[{"href":"https:\/\/mundodocarnaval.com.br\/pt_br\/wp-json\/wp\/v2\/media?parent=2516"}],"wp:term":[{"taxonomy":"category","embeddable":true,"href":"https:\/\/mundodocarnaval.com.br\/pt_br\/wp-json\/wp\/v2\/categories?post=2516"},{"taxonomy":"post_tag","embeddable":true,"href":"https:\/\/mundodocarnaval.com.br\/pt_br\/wp-json\/wp\/v2\/tags?post=2516"}],"curies":[{"name":"wp","href":"https:\/\/api.w.org\/{rel}","templated":true}]}}